{"id":171708,"date":"2019-01-14T21:02:36","date_gmt":"2019-01-14T19:02:36","guid":{"rendered":"http:\/\/www.sana.sy\/tr\/?p=171708"},"modified":"2019-01-15T12:50:15","modified_gmt":"2019-01-15T10:50:15","slug":"iran-disisleri-amerikan-kuvvetlerinin-suriyedeki-varligi-bastan-hataliydi","status":"publish","type":"post","link":"https:\/\/archive.sana.sy\/tr\/?p=171708","title":{"rendered":"\u0130ran D\u0131\u015fi\u015fleri: Amerikan Kuvvetlerinin Suriye&#8217;deki Varl\u0131\u011f\u0131 Ba\u015ftan Hatal\u0131yd\u0131"},"content":{"rendered":"\n<p>TAHRAN \u2013 \u0130ran D\u0131\u015fi\u015fleri Bakanl\u0131\u011f\u0131 S\u00f6zc\u00fcs\u00fc Behram\nKas\u0131mi, Amerikan kuvvetlerinin Suriye&#8217;deki varl\u0131\u011f\u0131n\u0131n ba\u015ftan beri hatal\u0131 ve\ngerek\u00e7esiz oldu\u011funu belirtti.<\/p>\n\n\n\n<p>Kas\u0131mi haftal\u0131k bas\u0131n toplant\u0131s\u0131nda bug\u00fcn:\n&#8220;Amerikal\u0131lar\u0131n Suriye&#8217;ye geli\u015fi hatal\u0131, sebepsiz ve gerek\u00e7esi olmayan bir\nkarar olup ayr\u0131lmalar\u0131 gerekir, aksi takdirde tarihin ger\u00e7ekleri ve halklar\u0131n\ndireni\u015finden hareketle oradan ayr\u0131lmak zorunda kalacaklar&#8221; dedi.<\/p>\n\n\n\n<p>Suriye Arap Ordusu ve m\u00fcttefiklerinin sa\u011flad\u0131klar\u0131 zaferlerin i\u015fgalci Siyonist varl\u0131\u011f\u0131 nezdinde b\u00fcy\u00fck bir \u00f6fke yaratt\u0131\u011f\u0131n\u0131 belirten Kas\u0131mi, kendi \u00fclkesinin Suriye&#8217;de askeri varl\u0131\u011f\u0131n\u0131n olmad\u0131\u011f\u0131n\u0131 yineleyerek: &#8220;Suriye&#8217;de ter\u00f6rle m\u00fccadele i\u00e7in isti\u015fare g\u00f6revlerinde bulunmak \u00fczere Suriye h\u00fckumeti taraf\u0131ndan davet edildik&#8221; dedi.<\/p>\n\n\n\n<p>\u00c7eviri: S. \u015eahhut<\/p>\n","protected":false},"excerpt":{"rendered":"<p>TAHRAN \u2013 \u0130ran D\u0131\u015fi\u015fleri Bakanl\u0131\u011f\u0131 S\u00f6zc\u00fcs\u00fc Behram Kas\u0131mi, Amerikan kuvvetlerinin Suriye&#8217;deki varl\u0131\u011f\u0131n\u0131n ba\u015ftan beri hatal\u0131 ve gerek\u00e7esiz oldu\u011funu belirtti. Kas\u0131mi haftal\u0131k bas\u0131n toplant\u0131s\u0131nda bug\u00fcn: &#8220;Amerikal\u0131lar\u0131n Suriye&#8217;ye geli\u015fi hatal\u0131, sebepsiz ve gerek\u00e7esi olmayan bir karar olup ayr\u0131lmalar\u0131 gerekir, aksi takdirde tarihin ger\u00e7ekleri ve halklar\u0131n direni\u015finden hareketle oradan ayr\u0131lmak zorunda kalacaklar&#8221; dedi. Suriye Arap Ordusu ve m\u00fcttefiklerinin &hellip;<\/p>\n","protected":false},"author":1,"featured_media":171709,"comment_status":"closed","ping_status":"closed","sticky":false,"template":"","format":"standard","meta":{"footnotes":""},"categories":[458,459,17988],"tags":[],"class_list":["post-171708","post","type-post","status-publish","format-standard","has-post-thumbnail","","category-dunya1","category-haberler-arap-uluslararasi-politika","category-son-haberler"],"_links":{"self":[{"href":"https:\/\/archive.sana.sy\/tr\/index.php?rest_route=\/wp\/v2\/posts\/171708","targetHints":{"allow":["GET"]}}],"collection":[{"href":"https:\/\/archive.sana.sy\/tr\/index.php?rest_route=\/wp\/v2\/posts"}],"about":[{"href":"https:\/\/archive.sana.sy\/tr\/index.php?rest_route=\/wp\/v2\/types\/post"}],"author":[{"embeddable":true,"href":"https:\/\/archive.sana.sy\/tr\/index.php?rest_route=\/wp\/v2\/users\/1"}],"replies":[{"embeddable":true,"href":"https:\/\/archive.sana.sy\/tr\/index.php?rest_route=%2Fwp%2Fv2%2Fcomments&post=171708"}],"version-history":[{"count":0,"href":"https:\/\/archive.sana.sy\/tr\/index.php?rest_route=\/wp\/v2\/posts\/171708\/revisions"}],"wp:featuredmedia":[{"embeddable":true,"href":"https:\/\/archive.sana.sy\/tr\/index.php?rest_route=\/wp\/v2\/media\/171709"}],"wp:attachment":[{"href":"https:\/\/archive.sana.sy\/tr\/index.php?rest_route=%2Fwp%2Fv2%2Fmedia&parent=171708"}],"wp:term":[{"taxonomy":"category","embeddable":true,"href":"https:\/\/archive.sana.sy\/tr\/index.php?rest_route=%2Fwp%2Fv2%2Fcategories&post=171708"},{"taxonomy":"post_tag","embeddable":true,"href":"https:\/\/archive.sana.sy\/tr\/index.php?rest_route=%2Fwp%2Fv2%2Ftags&post=171708"}],"curies":[{"name":"wp","href":"https:\/\/api.w.org\/{rel}","templated":true}]}}