{"id":171711,"date":"2019-01-14T21:34:19","date_gmt":"2019-01-14T19:34:19","guid":{"rendered":"http:\/\/www.sana.sy\/tr\/?p=171711"},"modified":"2019-01-15T13:01:35","modified_gmt":"2019-01-15T11:01:35","slug":"fecr-ibrahim-suriye-takimi-avustralyaya-galip-gelmek-icin-elinden-geleni-yapacak","status":"publish","type":"post","link":"https:\/\/archive.sana.sy\/tr\/?p=171711","title":{"rendered":"Fecr \u0130brahim: Suriye Tak\u0131m\u0131 Avustralya&#8217;ya Galip Gelmek \u0130\u00e7in Elinden Geleni Yapacak"},"content":{"rendered":"\n<p><\/p>\n\n\n\n<p>ABU DAB\u0130 \u2013 Suriye A Milli Futbol tak\u0131m\u0131n\u0131n yeni teknik\ndirekt\u00f6r\u00fc Fecr \u0130brahim, tak\u0131m\u0131n yar\u0131n Avustralya ile Asya Kupas\u0131 2. Gruptaki\nson ma\u00e7\u0131na beklenen galibiyeti almak ve ikinci tura y\u00fckselmek ve en \u00f6nemlisi\nSuriyelileri sevindirmek i\u00e7in en y\u00fcksek konsantrasyonla&nbsp; \u00e7\u0131kaca\u011f\u0131n\u0131 belirtti.<\/p>\n\n\n\n<p>\u0130brahim bug\u00fcn d\u00fczenledi\u011fi bas\u0131n toplant\u0131s\u0131nda, her\n\u015fampiyonan\u0131n muhakkak bask\u0131s\u0131 vard\u0131r lakin konsantrasyonun y\u00fcksek olmas\u0131\ngerekiyor ve bunun i\u00e7in \u00e7al\u0131\u015f\u0131yoruz, dedi.<\/p>\n\n\n\n<p>\u0130brahim, kaptan \u00d6mer Soma&#8217;n\u0131n kaptanl\u0131k band\u0131n\u0131\n\u00e7\u0131kar\u0131p yeni kaptan\u0131 se\u00e7mesi i\u00e7in teknik direkt\u00f6r\u00fcn inisiyatifine b\u0131rakmas\u0131n\u0131n\nb\u00f6yle bir oyuncunun A Milli futbol tak\u0131m\u0131na y\u00f6nelik duydu\u011fu b\u00fcy\u00fck sorumluluktan\nkaynakland\u0131\u011f\u0131n\u0131 vurgulad\u0131.<\/p>\n\n\n\n<p>Kendi y\u00f6n\u00fcnden oyuncu Ahmet el Salih, kendisi ve tak\u0131m\narkada\u015flar\u0131n\u0131n ge\u00e7en iki kar\u015f\u0131la\u015fman\u0131n zarar\u0131n\u0131 Suriye halk\u0131n\u0131 sevndirmek i\u00e7in\nAvustralya ma\u00e7\u0131yla telafi etme \u0131srarlar\u0131n\u0131&nbsp;\ndile getirerek, oyuncular\u0131n manviyatlar\u0131n\u0131n y\u00fcksek oldu\u011funu iyi bir\nsonu\u00e7 almak i\u00e7in ellerinden geleni ortaya koyacaklar\u0131n\u0131 ifade etti.<\/p>\n\n\n\n<p>Suriye ve Avustralya tak\u0131mlar\u0131 yar\u0131n Suriye yerel saatiyle 15:30&#8217;da Birle\u015fik Arap Emirlikleri&#8217;nin el Ayn \u015fehrinde Al Nhayyan Stad\u0131nda kar\u015f\u0131 kar\u015f\u0131ya gelecek.<\/p>\n\n\n\n<p>\u00c7eviri: S. \u015eahhut<\/p>\n","protected":false},"excerpt":{"rendered":"<p>ABU DAB\u0130 \u2013 Suriye A Milli Futbol tak\u0131m\u0131n\u0131n yeni teknik direkt\u00f6r\u00fc Fecr \u0130brahim, tak\u0131m\u0131n yar\u0131n Avustralya ile Asya Kupas\u0131 2. Gruptaki son ma\u00e7\u0131na beklenen galibiyeti almak ve ikinci tura y\u00fckselmek ve en \u00f6nemlisi Suriyelileri sevindirmek i\u00e7in en y\u00fcksek konsantrasyonla&nbsp; \u00e7\u0131kaca\u011f\u0131n\u0131 belirtti. \u0130brahim bug\u00fcn d\u00fczenledi\u011fi bas\u0131n toplant\u0131s\u0131nda, her \u015fampiyonan\u0131n muhakkak bask\u0131s\u0131 vard\u0131r lakin konsantrasyonun y\u00fcksek olmas\u0131 &hellip;<\/p>\n","protected":false},"author":1,"featured_media":171712,"comment_status":"closed","ping_status":"closed","sticky":false,"template":"","format":"standard","meta":{"footnotes":""},"categories":[498,17988,496],"tags":[],"class_list":["post-171711","post","type-post","status-publish","format-standard","has-post-thumbnail","","category-dunya-turnuvalari","category-son-haberler","category-spor"],"_links":{"self":[{"href":"https:\/\/archive.sana.sy\/tr\/index.php?rest_route=\/wp\/v2\/posts\/171711","targetHints":{"allow":["GET"]}}],"collection":[{"href":"https:\/\/archive.sana.sy\/tr\/index.php?rest_route=\/wp\/v2\/posts"}],"about":[{"href":"https:\/\/archive.sana.sy\/tr\/index.php?rest_route=\/wp\/v2\/types\/post"}],"author":[{"embeddable":true,"href":"https:\/\/archive.sana.sy\/tr\/index.php?rest_route=\/wp\/v2\/users\/1"}],"replies":[{"embeddable":true,"href":"https:\/\/archive.sana.sy\/tr\/index.php?rest_route=%2Fwp%2Fv2%2Fcomments&post=171711"}],"version-history":[{"count":0,"href":"https:\/\/archive.sana.sy\/tr\/index.php?rest_route=\/wp\/v2\/posts\/171711\/revisions"}],"wp:featuredmedia":[{"embeddable":true,"href":"https:\/\/archive.sana.sy\/tr\/index.php?rest_route=\/wp\/v2\/media\/171712"}],"wp:attachment":[{"href":"https:\/\/archive.sana.sy\/tr\/index.php?rest_route=%2Fwp%2Fv2%2Fmedia&parent=171711"}],"wp:term":[{"taxonomy":"category","embeddable":true,"href":"https:\/\/archive.sana.sy\/tr\/index.php?rest_route=%2Fwp%2Fv2%2Fcategories&post=171711"},{"taxonomy":"post_tag","embeddable":true,"href":"https:\/\/archive.sana.sy\/tr\/index.php?rest_route=%2Fwp%2Fv2%2Ftags&post=171711"}],"curies":[{"name":"wp","href":"https:\/\/api.w.org\/{rel}","templated":true}]}}