{"id":173426,"date":"2019-02-02T16:30:47","date_gmt":"2019-02-02T14:30:47","guid":{"rendered":"http:\/\/www.sana.sy\/tr\/?p=173426"},"modified":"2019-02-03T12:33:38","modified_gmt":"2019-02-03T10:33:38","slug":"suriye-5-madalya-kazandi","status":"publish","type":"post","link":"https:\/\/archive.sana.sy\/tr\/?p=173426","title":{"rendered":"Suriye 5 Madalya Kazand\u0131"},"content":{"rendered":"\n<p>ABU DAB\u0130 \u2013 Birle\u015fik Arap Emirliklerinde d\u00fczenlenmekte olan uluslararas\u0131 karate \u015fampiyonas\u0131na kat\u0131lan Suriye tak\u0131m\u0131 5 madalya kazand\u0131.<\/p>\n\n\n\n<p>Uluslararas\u0131 Karate Federasyonunun K 1 y\u00f6ntemi ile s\u0131n\u0131fland\u0131rd\u0131\u011f\u0131 \u015fampiyonlukta Suriye tak\u0131m\u0131ndan Avc el Zehebi  1 alt\u0131n madalya kazan\u0131rken, Muhammed el Baili, Nibal el Devaliybi, Ahmet Sayyad ve Ayet M\u00fcbarek birer bronz madalya kazand\u0131lar. <\/p>\n","protected":false},"excerpt":{"rendered":"<p>ABU DAB\u0130 \u2013 Birle\u015fik Arap Emirliklerinde d\u00fczenlenmekte olan uluslararas\u0131 karate \u015fampiyonas\u0131na kat\u0131lan Suriye tak\u0131m\u0131 5 madalya kazand\u0131. Uluslararas\u0131 Karate Federasyonunun K 1 y\u00f6ntemi ile s\u0131n\u0131fland\u0131rd\u0131\u011f\u0131 \u015fampiyonlukta Suriye tak\u0131m\u0131ndan Avc el Zehebi 1 alt\u0131n madalya kazan\u0131rken, Muhammed el Baili, Nibal el Devaliybi, Ahmet Sayyad ve Ayet M\u00fcbarek birer bronz madalya kazand\u0131lar.<\/p>\n","protected":false},"author":1,"featured_media":173427,"comment_status":"closed","ping_status":"closed","sticky":false,"template":"","format":"standard","meta":{"footnotes":""},"categories":[498,17988,496],"tags":[],"class_list":["post-173426","post","type-post","status-publish","format-standard","has-post-thumbnail","","category-dunya-turnuvalari","category-son-haberler","category-spor"],"_links":{"self":[{"href":"https:\/\/archive.sana.sy\/tr\/index.php?rest_route=\/wp\/v2\/posts\/173426","targetHints":{"allow":["GET"]}}],"collection":[{"href":"https:\/\/archive.sana.sy\/tr\/index.php?rest_route=\/wp\/v2\/posts"}],"about":[{"href":"https:\/\/archive.sana.sy\/tr\/index.php?rest_route=\/wp\/v2\/types\/post"}],"author":[{"embeddable":true,"href":"https:\/\/archive.sana.sy\/tr\/index.php?rest_route=\/wp\/v2\/users\/1"}],"replies":[{"embeddable":true,"href":"https:\/\/archive.sana.sy\/tr\/index.php?rest_route=%2Fwp%2Fv2%2Fcomments&post=173426"}],"version-history":[{"count":0,"href":"https:\/\/archive.sana.sy\/tr\/index.php?rest_route=\/wp\/v2\/posts\/173426\/revisions"}],"wp:featuredmedia":[{"embeddable":true,"href":"https:\/\/archive.sana.sy\/tr\/index.php?rest_route=\/wp\/v2\/media\/173427"}],"wp:attachment":[{"href":"https:\/\/archive.sana.sy\/tr\/index.php?rest_route=%2Fwp%2Fv2%2Fmedia&parent=173426"}],"wp:term":[{"taxonomy":"category","embeddable":true,"href":"https:\/\/archive.sana.sy\/tr\/index.php?rest_route=%2Fwp%2Fv2%2Fcategories&post=173426"},{"taxonomy":"post_tag","embeddable":true,"href":"https:\/\/archive.sana.sy\/tr\/index.php?rest_route=%2Fwp%2Fv2%2Ftags&post=173426"}],"curies":[{"name":"wp","href":"https:\/\/api.w.org\/{rel}","templated":true}]}}