{"id":173526,"date":"2019-02-04T13:27:30","date_gmt":"2019-02-04T11:27:30","guid":{"rendered":"http:\/\/www.sana.sy\/tr\/?p=173526"},"modified":"2019-02-04T13:27:33","modified_gmt":"2019-02-04T11:27:33","slug":"ordu-birliklerimizin-deyrezzor-kirsalinin-guneydogusunda-genis-bolgeleri-terorden-kurtarip-guvenligi-saglamalari-ardindan-vatandaslar-bu-bolgelerdeki-evlerine-donmeye-devam-ediyor","status":"publish","type":"post","link":"https:\/\/archive.sana.sy\/tr\/?p=173526","title":{"rendered":"Ordu birliklerimizin Deyrezzor k\u0131rsal\u0131n\u0131n g\u00fcneydo\u011fusunda geni\u015f b\u00f6lgeleri ter\u00f6rden kurtar\u0131p g\u00fcvenli\u011fi sa\u011flamalar\u0131 ard\u0131ndan vatanda\u015flar bu b\u00f6lgelerdeki evlerine d\u00f6nmeye devam ediyor"},"content":{"rendered":"\n<p>Ordu birliklerimizin Deyrezzor k\u0131rsal\u0131n\u0131n g\u00fcneydo\u011fusunda geni\u015f b\u00f6lgeleri ter\u00f6rden kurtar\u0131p g\u00fcvenli\u011fi sa\u011flamalar\u0131 ard\u0131ndan vatanda\u015flar bu b\u00f6lgelerdeki evlerine d\u00f6nmeye devam ediyor<\/p>\n\n\n\n<figure class=\"wp-block-embed-youtube wp-block-embed is-type-video is-provider-youtube wp-embed-aspect-16-9 wp-has-aspect-ratio\"><div class=\"wp-block-embed__wrapper\">\n<iframe loading=\"lazy\" title=\"\u0639\u0648\u062f\u0629 \u062f\u0641\u0639\u0629 \u062c\u062f\u064a\u062f\u0629 \u0645\u0646 \u0627\u0644\u0645\u0647\u062c\u0631\u064a\u0646 \u0625\u0644\u0649 \u0645\u0646\u0627\u0637\u0642\u0647\u0645 \u0628\u0631\u064a\u0641 \u062f\u064a\u0631 \u0627\u0644\u0632\u0648\u0631\" width=\"618\" height=\"348\" src=\"https:\/\/www.youtube.com\/embed\/uf5ERf2OQjo?feature=oembed\" frameborder=\"0\" allow=\"accelerometer; autoplay; clipboard-write; encrypted-media; gyroscope; picture-in-picture; web-share\" referrerpolicy=\"strict-origin-when-cross-origin\" allowfullscreen><\/iframe>\n<\/div><\/figure>\n","protected":false},"excerpt":{"rendered":"<p>Ordu birliklerimizin Deyrezzor k\u0131rsal\u0131n\u0131n g\u00fcneydo\u011fusunda geni\u015f b\u00f6lgeleri ter\u00f6rden kurtar\u0131p g\u00fcvenli\u011fi sa\u011flamalar\u0131 ard\u0131ndan vatanda\u015flar bu b\u00f6lgelerdeki evlerine d\u00f6nmeye devam ediyor<\/p>\n","protected":false},"author":1,"featured_media":173528,"comment_status":"closed","ping_status":"closed","sticky":false,"template":"","format":"standard","meta":{"footnotes":""},"categories":[18295,1],"tags":[],"class_list":["post-173526","post","type-post","status-publish","format-standard","has-post-thumbnail","","category-sana-video","category-news-not-sorted"],"_links":{"self":[{"href":"https:\/\/archive.sana.sy\/tr\/index.php?rest_route=\/wp\/v2\/posts\/173526","targetHints":{"allow":["GET"]}}],"collection":[{"href":"https:\/\/archive.sana.sy\/tr\/index.php?rest_route=\/wp\/v2\/posts"}],"about":[{"href":"https:\/\/archive.sana.sy\/tr\/index.php?rest_route=\/wp\/v2\/types\/post"}],"author":[{"embeddable":true,"href":"https:\/\/archive.sana.sy\/tr\/index.php?rest_route=\/wp\/v2\/users\/1"}],"replies":[{"embeddable":true,"href":"https:\/\/archive.sana.sy\/tr\/index.php?rest_route=%2Fwp%2Fv2%2Fcomments&post=173526"}],"version-history":[{"count":0,"href":"https:\/\/archive.sana.sy\/tr\/index.php?rest_route=\/wp\/v2\/posts\/173526\/revisions"}],"wp:featuredmedia":[{"embeddable":true,"href":"https:\/\/archive.sana.sy\/tr\/index.php?rest_route=\/wp\/v2\/media\/173528"}],"wp:attachment":[{"href":"https:\/\/archive.sana.sy\/tr\/index.php?rest_route=%2Fwp%2Fv2%2Fmedia&parent=173526"}],"wp:term":[{"taxonomy":"category","embeddable":true,"href":"https:\/\/archive.sana.sy\/tr\/index.php?rest_route=%2Fwp%2Fv2%2Fcategories&post=173526"},{"taxonomy":"post_tag","embeddable":true,"href":"https:\/\/archive.sana.sy\/tr\/index.php?rest_route=%2Fwp%2Fv2%2Ftags&post=173526"}],"curies":[{"name":"wp","href":"https:\/\/api.w.org\/{rel}","templated":true}]}}