{"id":173561,"date":"2019-02-04T13:25:08","date_gmt":"2019-02-04T11:25:08","guid":{"rendered":"http:\/\/www.sana.sy\/tr\/?p=173561"},"modified":"2019-02-05T13:26:30","modified_gmt":"2019-02-05T11:26:30","slug":"nihai-zafere-yaklastigi-icin-baski-ve-dayatmalarini-tirmandirdilar","status":"publish","type":"post","link":"https:\/\/archive.sana.sy\/tr\/?p=173561","title":{"rendered":"Nihai Zafere Yakla\u015ft\u0131\u011f\u0131 \u0130\u00e7in Bask\u0131 ve Dayatmalar\u0131n\u0131 T\u0131rmand\u0131rd\u0131lar"},"content":{"rendered":"\n<p>PRAG \u2013 \u00c7ek Parlamentosunda Suriye Parlamenter Dostluk Cemiyeti Ba\u015fkan\u0131 Parlamenter Stanislav Grospic ABD ve m\u00fcttefiklerinin uluslararas\u0131 kanunlara ayk\u0131r\u0131 bir \u015fekilde Suriye&#8217;ye uygulad\u0131klar\u0131 ekonomik yapt\u0131r\u0131mlar\u0131n, Suriye halk\u0131n\u0131 hedef alan ekonomik bir ter\u00f6r oldu\u011funu belirtti.<\/p>\n\n\n\n<p>Grospic bug\u00fcn SANA\u2019n\u0131n Prag muhabirine verdi\u011fi deme\u00e7te; uluslararas\u0131 kanun ve kararlara tamamen ayk\u0131r\u0131 olan bu yapt\u0131r\u0131mlar\u0131n direk ve dolayl\u0131 olarak Suriye halk\u0131n\u0131 etkiledi\u011fini, ya\u015fam ko\u015fullar\u0131 ve gereksinimlerinin temin edilmesini k\u00f6t\u00fc etkiledi\u011fini ifade etti. <\/p>\n\n\n\n<p>Suriye ve halk\u0131na y\u00f6nelik y\u00fcr\u00fct\u00fclen bu muhtelif y\u00f6nl\u00fc sava\u015f\u0131n temel sorumlusunun ABD oldu\u011funa dikkat \u00e7eken Grospic; radikal ter\u00f6re kar\u015f\u0131 onurlu ve kahraman bir sava\u015fta bulundu\u011fu i\u00e7in Suriye&#8217;yi cezaland\u0131rmaya \u00e7al\u0131\u015ft\u0131\u011f\u0131n\u0131 s\u00f6yledi. <\/p>\n\n\n\n<p>Grospic Suriye&#8217;nin edat olarak kullan\u0131lan ter\u00f6re kar\u015f\u0131 nihai bir zafere yak\u0131nla\u015fmas\u0131yla ABD ve m\u00fcttefiklerinin farkl\u0131 alanlarda bask\u0131, dayatma ve sald\u0131r\u0131lar\u0131n\u0131 t\u0131rmand\u0131rd\u0131klar\u0131n\u0131 vurgulad\u0131. <\/p>\n","protected":false},"excerpt":{"rendered":"<p>PRAG \u2013 \u00c7ek Parlamentosunda Suriye Parlamenter Dostluk Cemiyeti Ba\u015fkan\u0131 Parlamenter Stanislav Grospic ABD ve m\u00fcttefiklerinin uluslararas\u0131 kanunlara ayk\u0131r\u0131 bir \u015fekilde Suriye&#8217;ye uygulad\u0131klar\u0131 ekonomik yapt\u0131r\u0131mlar\u0131n, Suriye halk\u0131n\u0131 hedef alan ekonomik bir ter\u00f6r oldu\u011funu belirtti. Grospic bug\u00fcn SANA\u2019n\u0131n Prag muhabirine verdi\u011fi deme\u00e7te; uluslararas\u0131 kanun ve kararlara tamamen ayk\u0131r\u0131 olan bu yapt\u0131r\u0131mlar\u0131n direk ve dolayl\u0131 olarak Suriye halk\u0131n\u0131 &hellip;<\/p>\n","protected":false},"author":1,"featured_media":173562,"comment_status":"closed","ping_status":"closed","sticky":false,"template":"","format":"standard","meta":{"footnotes":""},"categories":[458,459,17988],"tags":[],"class_list":["post-173561","post","type-post","status-publish","format-standard","has-post-thumbnail","","category-dunya1","category-haberler-arap-uluslararasi-politika","category-son-haberler"],"_links":{"self":[{"href":"https:\/\/archive.sana.sy\/tr\/index.php?rest_route=\/wp\/v2\/posts\/173561","targetHints":{"allow":["GET"]}}],"collection":[{"href":"https:\/\/archive.sana.sy\/tr\/index.php?rest_route=\/wp\/v2\/posts"}],"about":[{"href":"https:\/\/archive.sana.sy\/tr\/index.php?rest_route=\/wp\/v2\/types\/post"}],"author":[{"embeddable":true,"href":"https:\/\/archive.sana.sy\/tr\/index.php?rest_route=\/wp\/v2\/users\/1"}],"replies":[{"embeddable":true,"href":"https:\/\/archive.sana.sy\/tr\/index.php?rest_route=%2Fwp%2Fv2%2Fcomments&post=173561"}],"version-history":[{"count":0,"href":"https:\/\/archive.sana.sy\/tr\/index.php?rest_route=\/wp\/v2\/posts\/173561\/revisions"}],"wp:featuredmedia":[{"embeddable":true,"href":"https:\/\/archive.sana.sy\/tr\/index.php?rest_route=\/wp\/v2\/media\/173562"}],"wp:attachment":[{"href":"https:\/\/archive.sana.sy\/tr\/index.php?rest_route=%2Fwp%2Fv2%2Fmedia&parent=173561"}],"wp:term":[{"taxonomy":"category","embeddable":true,"href":"https:\/\/archive.sana.sy\/tr\/index.php?rest_route=%2Fwp%2Fv2%2Fcategories&post=173561"},{"taxonomy":"post_tag","embeddable":true,"href":"https:\/\/archive.sana.sy\/tr\/index.php?rest_route=%2Fwp%2Fv2%2Ftags&post=173561"}],"curies":[{"name":"wp","href":"https:\/\/api.w.org\/{rel}","templated":true}]}}