{"id":173896,"date":"2019-02-08T22:43:56","date_gmt":"2019-02-08T20:43:56","guid":{"rendered":"http:\/\/sana.sy\/tr\/?p=173896"},"modified":"2019-02-09T14:03:43","modified_gmt":"2019-02-09T12:03:43","slug":"suriye-karate-takimindan-iki-altin-gumus-ve-bronz-madalya","status":"publish","type":"post","link":"https:\/\/archive.sana.sy\/tr\/?p=173896","title":{"rendered":"Suriye Karate Tak\u0131m\u0131ndan \u0130ki Alt\u0131n, G\u00fcm\u00fc\u015f ve Bronz Madalya"},"content":{"rendered":"\n<p>SHARJAH &#8211; Suriye Karate\ntak\u0131m\u0131, BAE&#8217;nin Sharjah Emirli\u011finde d\u00fczenlenen Bat\u0131 Asya \u015eampiyonas\u0131&#8217;n\u0131n ilk\ng\u00fcn\u00fcnde d\u00f6rt alt\u0131n, bir g\u00fcm\u00fc\u015f ve bir bronz madalya kazand\u0131.<\/p>\n\n\n\n<p>Madalyalar, 57 kg&#8217;\u0131n alt\u0131nda\nalt\u0131n madalya kazanan Vesim Hamis, 52 kg&#8217;\u0131n alt\u0131ndaki Meys Kara Fellah, 63\nkg&#8217;\u0131n alt\u0131ndaki Azzam Sayuh g\u00fcm\u00fc\u015f ve 60 kg&#8217;\u0131n alt\u0131ndaki Muhammed Duhaymi\u015f&#8217;ten\ngeldi.<\/p>\n\n\n\n<p>Yar\u0131n Cumartesi g\u00fcn\u00fc ise milli oyuncular\u0131m\u0131z \u015fampiyonaya 6 a\u011f\u0131rl\u0131kta daha yar\u0131\u015facaklar.<\/p>\n\n\n\n<p>\u00c7eviri: S. \u015eahhut.<\/p>\n\n\n\n<div class=\"wp-block-image\"><figure class=\"aligncenter\"><img loading=\"lazy\" decoding=\"async\" width=\"720\" height=\"537\" src=\"https:\/\/sana.sy\/tr\/wp-content\/uploads\/2019\/02\/95.jpg\" alt=\"\" class=\"wp-image-173898\" srcset=\"https:\/\/archive.sana.sy\/tr\/wp-content\/uploads\/2019\/02\/95.jpg 720w, https:\/\/archive.sana.sy\/tr\/wp-content\/uploads\/2019\/02\/95-150x112.jpg 150w, https:\/\/archive.sana.sy\/tr\/wp-content\/uploads\/2019\/02\/95-300x224.jpg 300w\" sizes=\"auto, (max-width: 720px) 100vw, 720px\" \/><\/figure><\/div>\n","protected":false},"excerpt":{"rendered":"<p>SHARJAH &#8211; Suriye Karate tak\u0131m\u0131, BAE&#8217;nin Sharjah Emirli\u011finde d\u00fczenlenen Bat\u0131 Asya \u015eampiyonas\u0131&#8217;n\u0131n ilk g\u00fcn\u00fcnde d\u00f6rt alt\u0131n, bir g\u00fcm\u00fc\u015f ve bir bronz madalya kazand\u0131. Madalyalar, 57 kg&#8217;\u0131n alt\u0131nda alt\u0131n madalya kazanan Vesim Hamis, 52 kg&#8217;\u0131n alt\u0131ndaki Meys Kara Fellah, 63 kg&#8217;\u0131n alt\u0131ndaki Azzam Sayuh g\u00fcm\u00fc\u015f ve 60 kg&#8217;\u0131n alt\u0131ndaki Muhammed Duhaymi\u015f&#8217;ten geldi. Yar\u0131n Cumartesi g\u00fcn\u00fc ise &hellip;<\/p>\n","protected":false},"author":1,"featured_media":173897,"comment_status":"closed","ping_status":"closed","sticky":false,"template":"","format":"standard","meta":{"footnotes":""},"categories":[498,17988,496],"tags":[],"class_list":["post-173896","post","type-post","status-publish","format-standard","has-post-thumbnail","","category-dunya-turnuvalari","category-son-haberler","category-spor"],"_links":{"self":[{"href":"https:\/\/archive.sana.sy\/tr\/index.php?rest_route=\/wp\/v2\/posts\/173896","targetHints":{"allow":["GET"]}}],"collection":[{"href":"https:\/\/archive.sana.sy\/tr\/index.php?rest_route=\/wp\/v2\/posts"}],"about":[{"href":"https:\/\/archive.sana.sy\/tr\/index.php?rest_route=\/wp\/v2\/types\/post"}],"author":[{"embeddable":true,"href":"https:\/\/archive.sana.sy\/tr\/index.php?rest_route=\/wp\/v2\/users\/1"}],"replies":[{"embeddable":true,"href":"https:\/\/archive.sana.sy\/tr\/index.php?rest_route=%2Fwp%2Fv2%2Fcomments&post=173896"}],"version-history":[{"count":0,"href":"https:\/\/archive.sana.sy\/tr\/index.php?rest_route=\/wp\/v2\/posts\/173896\/revisions"}],"wp:featuredmedia":[{"embeddable":true,"href":"https:\/\/archive.sana.sy\/tr\/index.php?rest_route=\/wp\/v2\/media\/173897"}],"wp:attachment":[{"href":"https:\/\/archive.sana.sy\/tr\/index.php?rest_route=%2Fwp%2Fv2%2Fmedia&parent=173896"}],"wp:term":[{"taxonomy":"category","embeddable":true,"href":"https:\/\/archive.sana.sy\/tr\/index.php?rest_route=%2Fwp%2Fv2%2Fcategories&post=173896"},{"taxonomy":"post_tag","embeddable":true,"href":"https:\/\/archive.sana.sy\/tr\/index.php?rest_route=%2Fwp%2Fv2%2Ftags&post=173896"}],"curies":[{"name":"wp","href":"https:\/\/api.w.org\/{rel}","templated":true}]}}