{"id":174042,"date":"2019-02-10T14:15:45","date_gmt":"2019-02-10T12:15:45","guid":{"rendered":"http:\/\/www.sana.sy\/tr\/?p=174042"},"modified":"2019-02-11T13:19:42","modified_gmt":"2019-02-11T11:19:42","slug":"halep-kentinin-merkezi-guzellestiriliyor","status":"publish","type":"post","link":"https:\/\/archive.sana.sy\/tr\/?p=174042","title":{"rendered":"Halep Kentinin Merkezi G\u00fczelle\u015ftiriliyor"},"content":{"rendered":"\n<p>HALEP \u2013 Halep Kentinin merkezinde hizmet ve g\u00f6rsel durumlar\u0131n iyile\u015ftirilmesi amac\u0131yla haz\u0131rlanan projenin ba\u015flat\u0131lmas\u0131 i\u00e7in gerekli incelemeler tamamland\u0131.  <\/p>\n\n\n\n<div class=\"wp-block-image\"><figure class=\"alignright\"><a href=\"http:\/\/www.sana.sy\/tr\/wp-content\/uploads\/2019\/02\/03-6.jpg\"><img loading=\"lazy\" decoding=\"async\" width=\"300\" height=\"182\" src=\"http:\/\/www.sana.sy\/tr\/wp-content\/uploads\/2019\/02\/03-6-300x182.jpg\" alt=\"\" class=\"wp-image-174045\" srcset=\"https:\/\/archive.sana.sy\/tr\/wp-content\/uploads\/2019\/02\/03-6-300x182.jpg 300w, https:\/\/archive.sana.sy\/tr\/wp-content\/uploads\/2019\/02\/03-6-150x91.jpg 150w, https:\/\/archive.sana.sy\/tr\/wp-content\/uploads\/2019\/02\/03-6-768x465.jpg 768w, https:\/\/archive.sana.sy\/tr\/wp-content\/uploads\/2019\/02\/03-6-1024x620.jpg 1024w\" sizes=\"auto, (max-width: 300px) 100vw, 300px\" \/><\/a><\/figure><\/div>\n\n\n\n<p>Halep Belediye Meclisi  6 milyar liradan fazla maliyette olan proje \u00f6n\u00fcm\u00fczdeki birka\u00e7 g\u00fcn i\u00e7inde yakla\u015f\u0131k 30 hektarl\u0131k alan \u00fczerinde kapsaml\u0131 bir \u015fekilde ba\u015flat\u0131lacak. Proje kapsam\u0131nda \u015fehir merkezinde cadde, sokak, meydanlar ve i\u015fyerlerinin yan\u0131 s\u0131ra sebze, hizmet \u015febekeleri ve altyap\u0131 da onar\u0131l\u0131p g\u00fczelle\u015ftirilecek. <\/p>\n\n\n\n<p>Belediye Meclisinde Teknik \u0130\u015fler Sorumlusu \u015eadi \u015eerefeddin kentin kuzeyinde Sadullah el Cabiri Meydan\u0131ndan kentin g\u00fcneyinde Antakya Kap\u0131s\u0131na kadar alanlar\u0131 kapsayan \u00e7al\u0131\u015fmalar\u0131n temel ama\u00e7lar\u0131ndan birinin tarihi Halep surunu ortaya \u00e7\u0131kar\u0131p ibraz etmek oldu\u011funu s\u00f6yledi. <\/p>\n\n\n\n<p>\u015eerefeddin proje kapsam\u0131nda turistik ve halk meydanlar\u0131n\u0131n yan\u0131 s\u0131ra kafeteryalar\u0131n yap\u0131land\u0131r\u0131laca\u011f\u0131n\u0131 bir k\u0131s\u0131m binalar\u0131nda otel olarak yat\u0131r\u0131mlarda kullan\u0131laca\u011f\u0131n\u0131 a\u00e7\u0131klad\u0131. Proje alan\u0131nda al\u0131\u015fveri\u015f merkezleri, restoranlar ve e\u011flence merkezlerinin de olaca\u011f\u0131n\u0131 ifade eden \u015eerefeddin; Halep Kentinin asil tarihi \u00f6zelliklerinin restore edilip korunaca\u011f\u0131n\u0131 belirtti.<\/p>\n\n\n\n<ul class=\"wp-block-gallery columns-3 is-cropped wp-block-gallery-1 is-layout-flex wp-block-gallery-is-layout-flex\"><li class=\"blocks-gallery-item\"><figure><a href=\"http:\/\/www.sana.sy\/tr\/wp-content\/uploads\/2019\/02\/01-6-1024x620.jpg\"><img loading=\"lazy\" decoding=\"async\" width=\"1024\" height=\"620\" src=\"http:\/\/www.sana.sy\/tr\/wp-content\/uploads\/2019\/02\/01-6-1024x620.jpg\" alt=\"\" data-id=\"174043\" data-link=\"http:\/\/www.sana.sy\/tr\/?attachment_id=174043\" class=\"wp-image-174043\" srcset=\"https:\/\/archive.sana.sy\/tr\/wp-content\/uploads\/2019\/02\/01-6-1024x620.jpg 1024w, https:\/\/archive.sana.sy\/tr\/wp-content\/uploads\/2019\/02\/01-6-150x91.jpg 150w, https:\/\/archive.sana.sy\/tr\/wp-content\/uploads\/2019\/02\/01-6-300x182.jpg 300w, https:\/\/archive.sana.sy\/tr\/wp-content\/uploads\/2019\/02\/01-6-768x465.jpg 768w\" sizes=\"auto, (max-width: 1024px) 100vw, 1024px\" \/><\/a><\/figure><\/li><li class=\"blocks-gallery-item\"><figure><a href=\"http:\/\/www.sana.sy\/tr\/wp-content\/uploads\/2019\/02\/03-6-1024x620.jpg\"><img loading=\"lazy\" decoding=\"async\" width=\"1024\" height=\"620\" src=\"http:\/\/www.sana.sy\/tr\/wp-content\/uploads\/2019\/02\/03-6-1024x620.jpg\" alt=\"\" data-id=\"174045\" data-link=\"http:\/\/www.sana.sy\/tr\/?attachment_id=174045\" class=\"wp-image-174045\" srcset=\"https:\/\/archive.sana.sy\/tr\/wp-content\/uploads\/2019\/02\/03-6-1024x620.jpg 1024w, https:\/\/archive.sana.sy\/tr\/wp-content\/uploads\/2019\/02\/03-6-150x91.jpg 150w, https:\/\/archive.sana.sy\/tr\/wp-content\/uploads\/2019\/02\/03-6-300x182.jpg 300w, https:\/\/archive.sana.sy\/tr\/wp-content\/uploads\/2019\/02\/03-6-768x465.jpg 768w\" sizes=\"auto, (max-width: 1024px) 100vw, 1024px\" \/><\/a><\/figure><\/li><li class=\"blocks-gallery-item\"><figure><a href=\"http:\/\/www.sana.sy\/tr\/wp-content\/uploads\/2019\/02\/04-3-1024x620.jpg\"><img loading=\"lazy\" decoding=\"async\" width=\"1024\" height=\"620\" src=\"http:\/\/www.sana.sy\/tr\/wp-content\/uploads\/2019\/02\/04-3-1024x620.jpg\" alt=\"\" data-id=\"174046\" data-link=\"http:\/\/www.sana.sy\/tr\/?attachment_id=174046\" class=\"wp-image-174046\" srcset=\"https:\/\/archive.sana.sy\/tr\/wp-content\/uploads\/2019\/02\/04-3-1024x620.jpg 1024w, https:\/\/archive.sana.sy\/tr\/wp-content\/uploads\/2019\/02\/04-3-150x91.jpg 150w, https:\/\/archive.sana.sy\/tr\/wp-content\/uploads\/2019\/02\/04-3-300x182.jpg 300w, https:\/\/archive.sana.sy\/tr\/wp-content\/uploads\/2019\/02\/04-3-768x465.jpg 768w\" sizes=\"auto, (max-width: 1024px) 100vw, 1024px\" \/><\/a><\/figure><\/li><li class=\"blocks-gallery-item\"><figure><a href=\"http:\/\/www.sana.sy\/tr\/wp-content\/uploads\/2019\/02\/05-2-1024x620.jpg\"><img loading=\"lazy\" decoding=\"async\" width=\"1024\" height=\"620\" src=\"http:\/\/www.sana.sy\/tr\/wp-content\/uploads\/2019\/02\/05-2-1024x620.jpg\" alt=\"\" data-id=\"174047\" data-link=\"http:\/\/www.sana.sy\/tr\/?attachment_id=174047\" class=\"wp-image-174047\" srcset=\"https:\/\/archive.sana.sy\/tr\/wp-content\/uploads\/2019\/02\/05-2-1024x620.jpg 1024w, https:\/\/archive.sana.sy\/tr\/wp-content\/uploads\/2019\/02\/05-2-150x91.jpg 150w, https:\/\/archive.sana.sy\/tr\/wp-content\/uploads\/2019\/02\/05-2-300x182.jpg 300w, https:\/\/archive.sana.sy\/tr\/wp-content\/uploads\/2019\/02\/05-2-768x465.jpg 768w\" sizes=\"auto, (max-width: 1024px) 100vw, 1024px\" \/><\/a><\/figure><\/li><li class=\"blocks-gallery-item\"><figure><a href=\"http:\/\/www.sana.sy\/tr\/wp-content\/uploads\/2019\/02\/06-1-1024x620.jpg\"><img loading=\"lazy\" decoding=\"async\" width=\"1024\" height=\"620\" src=\"http:\/\/www.sana.sy\/tr\/wp-content\/uploads\/2019\/02\/06-1-1024x620.jpg\" alt=\"\" data-id=\"174048\" data-link=\"http:\/\/www.sana.sy\/tr\/?attachment_id=174048\" class=\"wp-image-174048\" srcset=\"https:\/\/archive.sana.sy\/tr\/wp-content\/uploads\/2019\/02\/06-1-1024x620.jpg 1024w, https:\/\/archive.sana.sy\/tr\/wp-content\/uploads\/2019\/02\/06-1-150x91.jpg 150w, https:\/\/archive.sana.sy\/tr\/wp-content\/uploads\/2019\/02\/06-1-300x182.jpg 300w, https:\/\/archive.sana.sy\/tr\/wp-content\/uploads\/2019\/02\/06-1-768x465.jpg 768w\" sizes=\"auto, (max-width: 1024px) 100vw, 1024px\" \/><\/a><\/figure><\/li><li class=\"blocks-gallery-item\"><figure><a href=\"http:\/\/www.sana.sy\/tr\/wp-content\/uploads\/2019\/02\/08-1024x620.jpg\"><img loading=\"lazy\" decoding=\"async\" width=\"1024\" height=\"620\" src=\"http:\/\/www.sana.sy\/tr\/wp-content\/uploads\/2019\/02\/08-1024x620.jpg\" alt=\"\" data-id=\"174051\" data-link=\"http:\/\/www.sana.sy\/tr\/?attachment_id=174051\" class=\"wp-image-174051\" srcset=\"https:\/\/archive.sana.sy\/tr\/wp-content\/uploads\/2019\/02\/08-1024x620.jpg 1024w, https:\/\/archive.sana.sy\/tr\/wp-content\/uploads\/2019\/02\/08-150x91.jpg 150w, https:\/\/archive.sana.sy\/tr\/wp-content\/uploads\/2019\/02\/08-300x182.jpg 300w, https:\/\/archive.sana.sy\/tr\/wp-content\/uploads\/2019\/02\/08-768x465.jpg 768w\" sizes=\"auto, (max-width: 1024px) 100vw, 1024px\" \/><\/a><\/figure><\/li><\/ul>\n","protected":false},"excerpt":{"rendered":"<p>HALEP \u2013 Halep Kentinin merkezinde hizmet ve g\u00f6rsel durumlar\u0131n iyile\u015ftirilmesi amac\u0131yla haz\u0131rlanan projenin ba\u015flat\u0131lmas\u0131 i\u00e7in gerekli incelemeler tamamland\u0131. Halep Belediye Meclisi 6 milyar liradan fazla maliyette olan proje \u00f6n\u00fcm\u00fczdeki birka\u00e7 g\u00fcn i\u00e7inde yakla\u015f\u0131k 30 hektarl\u0131k alan \u00fczerinde kapsaml\u0131 bir \u015fekilde ba\u015flat\u0131lacak. Proje kapsam\u0131nda \u015fehir merkezinde cadde, sokak, meydanlar ve i\u015fyerlerinin yan\u0131 s\u0131ra sebze, hizmet \u015febekeleri &hellip;<\/p>\n","protected":false},"author":1,"featured_media":174049,"comment_status":"closed","ping_status":"closed","sticky":false,"template":"","format":"standard","meta":{"footnotes":""},"categories":[485,596,486,479,17988,478],"tags":[],"class_list":["post-174042","post","type-post","status-publish","format-standard","has-post-thumbnail","","category-is-ve-sermaye","category-fotografli-raporlar","category-haberler-is-ve-sermaye","category-haberler-yerel","category-son-haberler","category-yerel"],"_links":{"self":[{"href":"https:\/\/archive.sana.sy\/tr\/index.php?rest_route=\/wp\/v2\/posts\/174042","targetHints":{"allow":["GET"]}}],"collection":[{"href":"https:\/\/archive.sana.sy\/tr\/index.php?rest_route=\/wp\/v2\/posts"}],"about":[{"href":"https:\/\/archive.sana.sy\/tr\/index.php?rest_route=\/wp\/v2\/types\/post"}],"author":[{"embeddable":true,"href":"https:\/\/archive.sana.sy\/tr\/index.php?rest_route=\/wp\/v2\/users\/1"}],"replies":[{"embeddable":true,"href":"https:\/\/archive.sana.sy\/tr\/index.php?rest_route=%2Fwp%2Fv2%2Fcomments&post=174042"}],"version-history":[{"count":0,"href":"https:\/\/archive.sana.sy\/tr\/index.php?rest_route=\/wp\/v2\/posts\/174042\/revisions"}],"wp:featuredmedia":[{"embeddable":true,"href":"https:\/\/archive.sana.sy\/tr\/index.php?rest_route=\/wp\/v2\/media\/174049"}],"wp:attachment":[{"href":"https:\/\/archive.sana.sy\/tr\/index.php?rest_route=%2Fwp%2Fv2%2Fmedia&parent=174042"}],"wp:term":[{"taxonomy":"category","embeddable":true,"href":"https:\/\/archive.sana.sy\/tr\/index.php?rest_route=%2Fwp%2Fv2%2Fcategories&post=174042"},{"taxonomy":"post_tag","embeddable":true,"href":"https:\/\/archive.sana.sy\/tr\/index.php?rest_route=%2Fwp%2Fv2%2Ftags&post=174042"}],"curies":[{"name":"wp","href":"https:\/\/api.w.org\/{rel}","templated":true}]}}