{"id":174053,"date":"2019-02-10T14:25:51","date_gmt":"2019-02-10T12:25:51","guid":{"rendered":"http:\/\/www.sana.sy\/tr\/?p=174053"},"modified":"2019-02-11T13:19:37","modified_gmt":"2019-02-11T11:19:37","slug":"kizilay-hasekede-yardimlar-dagitiyor","status":"publish","type":"post","link":"https:\/\/archive.sana.sy\/tr\/?p=174053","title":{"rendered":"K\u0131z\u0131lay Haseke\u2019de Yard\u0131mlar Da\u011f\u0131t\u0131yor"},"content":{"rendered":"\n<p>HASEKE \u2013 K\u0131z\u0131lay \u00d6rg\u00fct\u00fc bug\u00fcn Haseke\u2019de ter\u00f6r ma\u011fduru veya ihtiya\u00e7 sahibi ailelere insani yard\u0131m paketleri da\u011f\u0131tmaya ba\u015flad\u0131.<\/p>\n\n\n\n<p>K\u0131z\u0131lay \u00d6rg\u00fct\u00fcnde yard\u0131m da\u011f\u0131tma sorumlusu Muhammed Resul K\u0131z\u0131lay ekiplerinin ihtiya\u00e7 sahibi ailelere farkl\u0131 t\u00fcr g\u0131da ve t\u00fcketim maddeleri i\u00e7eren 11650 adet yard\u0131m paketi da\u011f\u0131taca\u011f\u0131n\u0131 s\u00f6yledi. Resul 23 \u015fubat tarihine dek devam edecek yard\u0131m da\u011f\u0131t\u0131m\u0131n\u0131n \u015fehit aileleri, yaral\u0131 gaziler, ter\u00f6r ma\u011fdurlar\u0131, kronik hastalar\u0131 olan aileler, engelli \u00e7ocuklar\u0131 olan aileler ve ba\u015fka illerden gelen ter\u00f6r ma\u011fduru aileleri kapsayaca\u011f\u0131n\u0131 a\u00e7\u0131klad\u0131. <\/p>\n\n\n\n<p>K\u0131z\u0131lay \u00d6rg\u00fct\u00fc daha \u00f6nce Haseke\u2019de k\u00fc\u00e7\u00fck \u00f6l\u00e7ekli \u00e7ift\u00e7ilere tah\u0131l tohumlar\u0131 ve suni g\u00fcbre da\u011f\u0131t\u0131m\u0131ndan bulunmu\u015ftu. <\/p>\n","protected":false},"excerpt":{"rendered":"<p>HASEKE \u2013 K\u0131z\u0131lay \u00d6rg\u00fct\u00fc bug\u00fcn Haseke\u2019de ter\u00f6r ma\u011fduru veya ihtiya\u00e7 sahibi ailelere insani yard\u0131m paketleri da\u011f\u0131tmaya ba\u015flad\u0131. K\u0131z\u0131lay \u00d6rg\u00fct\u00fcnde yard\u0131m da\u011f\u0131tma sorumlusu Muhammed Resul K\u0131z\u0131lay ekiplerinin ihtiya\u00e7 sahibi ailelere farkl\u0131 t\u00fcr g\u0131da ve t\u00fcketim maddeleri i\u00e7eren 11650 adet yard\u0131m paketi da\u011f\u0131taca\u011f\u0131n\u0131 s\u00f6yledi. Resul 23 \u015fubat tarihine dek devam edecek yard\u0131m da\u011f\u0131t\u0131m\u0131n\u0131n \u015fehit aileleri, yaral\u0131 gaziler, &hellip;<\/p>\n","protected":false},"author":1,"featured_media":174054,"comment_status":"closed","ping_status":"closed","sticky":false,"template":"","format":"standard","meta":{"footnotes":""},"categories":[479,17988,478],"tags":[],"class_list":["post-174053","post","type-post","status-publish","format-standard","has-post-thumbnail","","category-haberler-yerel","category-son-haberler","category-yerel"],"_links":{"self":[{"href":"https:\/\/archive.sana.sy\/tr\/index.php?rest_route=\/wp\/v2\/posts\/174053","targetHints":{"allow":["GET"]}}],"collection":[{"href":"https:\/\/archive.sana.sy\/tr\/index.php?rest_route=\/wp\/v2\/posts"}],"about":[{"href":"https:\/\/archive.sana.sy\/tr\/index.php?rest_route=\/wp\/v2\/types\/post"}],"author":[{"embeddable":true,"href":"https:\/\/archive.sana.sy\/tr\/index.php?rest_route=\/wp\/v2\/users\/1"}],"replies":[{"embeddable":true,"href":"https:\/\/archive.sana.sy\/tr\/index.php?rest_route=%2Fwp%2Fv2%2Fcomments&post=174053"}],"version-history":[{"count":0,"href":"https:\/\/archive.sana.sy\/tr\/index.php?rest_route=\/wp\/v2\/posts\/174053\/revisions"}],"wp:featuredmedia":[{"embeddable":true,"href":"https:\/\/archive.sana.sy\/tr\/index.php?rest_route=\/wp\/v2\/media\/174054"}],"wp:attachment":[{"href":"https:\/\/archive.sana.sy\/tr\/index.php?rest_route=%2Fwp%2Fv2%2Fmedia&parent=174053"}],"wp:term":[{"taxonomy":"category","embeddable":true,"href":"https:\/\/archive.sana.sy\/tr\/index.php?rest_route=%2Fwp%2Fv2%2Fcategories&post=174053"},{"taxonomy":"post_tag","embeddable":true,"href":"https:\/\/archive.sana.sy\/tr\/index.php?rest_route=%2Fwp%2Fv2%2Ftags&post=174053"}],"curies":[{"name":"wp","href":"https:\/\/api.w.org\/{rel}","templated":true}]}}