{"id":174073,"date":"2019-02-10T22:58:11","date_gmt":"2019-02-10T20:58:11","guid":{"rendered":"http:\/\/www.sana.sy\/tr\/?p=174073"},"modified":"2019-02-11T13:18:39","modified_gmt":"2019-02-11T11:18:39","slug":"putin-suriyedeki-siyasi-sureci-ilerletmek-icin-daha-fazla-caba-gosterilmelidir","status":"publish","type":"post","link":"https:\/\/archive.sana.sy\/tr\/?p=174073","title":{"rendered":"Putin: Suriye&#8217;deki Siyasi S\u00fcreci \u0130lerletmek \u0130\u00e7in Daha Fazla \u00c7aba G\u00f6sterilmelidir"},"content":{"rendered":"\n<p>MOSKOVA\n&#8211; Rusya Devlet Ba\u015fkan\u0131\nVladimir Putin, Suriye&#8217;deki siyasi s\u00fcreci ilerletmek ve d\u00fcnyadaki krizleri\n\u00e7\u00f6zmek i\u00e7in s\u0131k\u0131 bir \u00e7al\u0131\u015fma \u00e7a\u011fr\u0131s\u0131nda bulundu.<\/p>\n\n\n\n<p>Putin tatil bayramlar\u0131nda Rus\ndiplomatlara: &#8220;Suriye&#8217;deki siyasi s\u00fcre. yan\u0131 s\u0131ra di\u011fer krizlerin siyasi\nve diplomatik olarak \u00e7\u00f6z\u00fclmesi i\u00e7in daha fazla \u00e7al\u0131\u015fma yap\u0131lmas\u0131\ngerekiyor&#8221; dedi.<\/p>\n\n\n\n<p>Putin: &#8220;Uluslararas\u0131\ng\u00fcvenlik ve hukukun \u00fcst\u00fcnl\u00fc\u011f\u00fc halihaz\u0131rdaki zor durumda ciddi bir s\u0131nava tabi\ntutulmas\u0131 g\u00f6lgesinde, \u00f6nemli ve iddial\u0131 g\u00f6revlerle kar\u015f\u0131 kar\u015f\u0131ya kal\u0131yorsunuz&#8221;\ndedi.<\/p>\n\n\n\n<p>Putin, Avrasya entegrasyonunu geli\u015ftirme ve Avrasya d\u0131\u015f ili\u015fkilerini geni\u015fletme \u00e7abalar\u0131n\u0131n iki kat\u0131na \u00e7\u0131kmas\u0131n\u0131n Rus diplomatlar\u0131n g\u00f6revlerinden biri oldu\u011funu vurgulad\u0131.<\/p>\n\n\n\n<p>\u00c7eviri: S. \u015eahhut. <\/p>\n","protected":false},"excerpt":{"rendered":"<p>MOSKOVA &#8211; Rusya Devlet Ba\u015fkan\u0131 Vladimir Putin, Suriye&#8217;deki siyasi s\u00fcreci ilerletmek ve d\u00fcnyadaki krizleri \u00e7\u00f6zmek i\u00e7in s\u0131k\u0131 bir \u00e7al\u0131\u015fma \u00e7a\u011fr\u0131s\u0131nda bulundu. Putin tatil bayramlar\u0131nda Rus diplomatlara: &#8220;Suriye&#8217;deki siyasi s\u00fcre. yan\u0131 s\u0131ra di\u011fer krizlerin siyasi ve diplomatik olarak \u00e7\u00f6z\u00fclmesi i\u00e7in daha fazla \u00e7al\u0131\u015fma yap\u0131lmas\u0131 gerekiyor&#8221; dedi. Putin: &#8220;Uluslararas\u0131 g\u00fcvenlik ve hukukun \u00fcst\u00fcnl\u00fc\u011f\u00fc halihaz\u0131rdaki zor durumda ciddi &hellip;<\/p>\n","protected":false},"author":1,"featured_media":174074,"comment_status":"closed","ping_status":"closed","sticky":false,"template":"","format":"standard","meta":{"footnotes":""},"categories":[458,459,17988],"tags":[],"class_list":["post-174073","post","type-post","status-publish","format-standard","has-post-thumbnail","","category-dunya1","category-haberler-arap-uluslararasi-politika","category-son-haberler"],"_links":{"self":[{"href":"https:\/\/archive.sana.sy\/tr\/index.php?rest_route=\/wp\/v2\/posts\/174073","targetHints":{"allow":["GET"]}}],"collection":[{"href":"https:\/\/archive.sana.sy\/tr\/index.php?rest_route=\/wp\/v2\/posts"}],"about":[{"href":"https:\/\/archive.sana.sy\/tr\/index.php?rest_route=\/wp\/v2\/types\/post"}],"author":[{"embeddable":true,"href":"https:\/\/archive.sana.sy\/tr\/index.php?rest_route=\/wp\/v2\/users\/1"}],"replies":[{"embeddable":true,"href":"https:\/\/archive.sana.sy\/tr\/index.php?rest_route=%2Fwp%2Fv2%2Fcomments&post=174073"}],"version-history":[{"count":0,"href":"https:\/\/archive.sana.sy\/tr\/index.php?rest_route=\/wp\/v2\/posts\/174073\/revisions"}],"wp:featuredmedia":[{"embeddable":true,"href":"https:\/\/archive.sana.sy\/tr\/index.php?rest_route=\/wp\/v2\/media\/174074"}],"wp:attachment":[{"href":"https:\/\/archive.sana.sy\/tr\/index.php?rest_route=%2Fwp%2Fv2%2Fmedia&parent=174073"}],"wp:term":[{"taxonomy":"category","embeddable":true,"href":"https:\/\/archive.sana.sy\/tr\/index.php?rest_route=%2Fwp%2Fv2%2Fcategories&post=174073"},{"taxonomy":"post_tag","embeddable":true,"href":"https:\/\/archive.sana.sy\/tr\/index.php?rest_route=%2Fwp%2Fv2%2Ftags&post=174073"}],"curies":[{"name":"wp","href":"https:\/\/api.w.org\/{rel}","templated":true}]}}