{"id":174076,"date":"2019-02-10T23:12:40","date_gmt":"2019-02-10T21:12:40","guid":{"rendered":"http:\/\/www.sana.sy\/tr\/?p=174076"},"modified":"2019-02-11T13:21:05","modified_gmt":"2019-02-11T11:21:05","slug":"rukban-kampindaki-feci-kosullar-abd-isgali-yardimlarin-engelliyor","status":"publish","type":"post","link":"https:\/\/archive.sana.sy\/tr\/?p=174076","title":{"rendered":"On Binlerce \u0130nsan Zor Ko\u015fullar Alt\u0131nda Ya\u015f\u0131yor"},"content":{"rendered":"\n<p>HOMS \u2013 Suriye-\u00dcrd\u00fcn s\u0131n\u0131r\u0131nda yer alan Tenf B\u00f6lgesindeki Rukban Kamp\u0131nda ter\u00f6r sonucunda tehcir edilen on binlerce Suriyeli; b\u00f6lgede bulunan ABD g\u00fc\u00e7leri ve onlara tabi ter\u00f6ristlerin insani yard\u0131mlar\u0131n kampa ula\u015fmas\u0131n\u0131 engellemeleri nedeniyle insani bir felaketin e\u015fi\u011fine geldiler.<\/p>\n\n\n\n<p>D\u00fcnya Sa\u011fl\u0131k \u00d6rg\u00fct\u00fc daha \u00f6nce farkl\u0131 b\u00f6lgelerden tehcir edilen bu insanlar\u0131n genel olarak plastik ve eski kuma\u015flardan olu\u015fan \u00e7ad\u0131rlarla \u00e7amur ve \u00e7\u00f6l i\u00e7inde olduk\u00e7a k\u00f6t\u00fc insani ko\u015fullar alt\u0131nda ya\u015fad\u0131klar\u0131na dikkat \u00e7ekiyor.<\/p>\n\n\n\n<p>DS\u00d6 haz\u0131rlad\u0131\u011f\u0131 raporda R\u00fckban Kamp\u0131nda aralar\u0131nda \u00e7ocuk ve kad\u0131nlar\u0131n bulundu\u011fu on binlerce Suriyelinin ya\u015fad\u0131\u011f\u0131 ko\u015fullara \u0131\u015f\u0131k tuttu.<\/p>\n\n\n\n<p>Uluslararas\u0131 kanunlar ve kararlara ayk\u0131r\u0131 bir \u015fekilde Tenf B\u00f6lgesinde bulunan ABD g\u00fc\u00e7leri ve bu g\u00fc\u00e7lerin b\u00f6lgede e\u011fitip korudu\u011fu ter\u00f6ristlerin sivillere insani yard\u0131mlar\u0131n g\u00f6nderilmesini engelliyorlar. Ayn\u0131 zamanda kamptan \u00e7\u0131k\u0131p belde ve k\u00f6ylerine d\u00f6nmek isteyenleri de silah zoruyla menediyorlar.<\/p>\n\n\n\n<p>Suriye h\u00fck\u00fcmeti bir\u00e7ok kez BM, K\u0131z\u0131lay ve K\u0131z\u0131lha\u00e7&#8217;\u0131n i\u015fbirli\u011fi ile R\u00fckban Kamp\u0131na insani yard\u0131m g\u00f6ndermeye \u00e7al\u0131\u015fsa da ABD g\u00fc\u00e7leri ve komutas\u0131ndaki ter\u00f6ristler buna izin vermedi.<\/p>\n\n\n\n<p>Suriye h\u00fck\u00fcmeti Suriye K\u0131z\u0131lay\u0131 ile i\u015fbirli\u011fi i\u00e7inde, 133 kamyon dolusu g\u0131da, ila\u00e7, un, giysi ve e\u011fitim maddeleri yan\u0131 s\u0131ra k\u0131zam\u0131k, karaci\u011fer, t\u00fcberk\u00fcloz ve enfeksiyona kar\u015f\u0131 a\u015f\u0131lama gere\u00e7lerinden olu\u015fan bir insani yard\u0131m konvoyunu R\u00fckban Kamp\u0131na g\u00f6nderdi.<\/p>\n\n\n\n<p>Yo\u011fun \u00e7abalar ard\u0131ndan K\u0131z\u0131lay \u00d6rg\u00fct\u00fc \u00fc\u00e7 ay \u00f6nce kamptaki vatanda\u015flara ula\u015ft\u0131rd\u0131\u011f\u0131 insani yard\u0131mlar ard\u0131ndan son olarak iki g\u00fcn \u00f6nce de yine yo\u011fun \u00e7abalar neticesinde BM ile i\u015fbirli\u011fi i\u00e7inde kampa ikinci bir insani yard\u0131m g\u00f6ndermeyi ba\u015fard\u0131.<\/p>\n\n\n\n<p>ABD ve ter\u00f6r\u00fc edat olarak kullanan di\u011fer devletler Suriye&#8217;de halk\u0131n \u00e7\u0131karlar\u0131n\u0131 kollad\u0131klar\u0131n\u0131 \u00f6ne s\u00fcrerlerken, asl\u0131nda as\u0131l ama\u00e7lar\u0131n\u0131n insani durumlar\u0131 k\u00f6t\u00fcye t\u0131rmand\u0131rmak ve bu durumlar\u0131n siyasi ticaretini yapmak oldu\u011fu kan\u0131tlanm\u0131\u015f durumdad\u0131r.<\/p>\n","protected":false},"excerpt":{"rendered":"<p>HOMS \u2013 Suriye-\u00dcrd\u00fcn s\u0131n\u0131r\u0131nda yer alan Tenf B\u00f6lgesindeki Rukban Kamp\u0131nda ter\u00f6r sonucunda tehcir edilen on binlerce Suriyeli; b\u00f6lgede bulunan ABD g\u00fc\u00e7leri ve onlara tabi ter\u00f6ristlerin insani yard\u0131mlar\u0131n kampa ula\u015fmas\u0131n\u0131 engellemeleri nedeniyle insani bir felaketin e\u015fi\u011fine geldiler. D\u00fcnya Sa\u011fl\u0131k \u00d6rg\u00fct\u00fc daha \u00f6nce farkl\u0131 b\u00f6lgelerden tehcir edilen bu insanlar\u0131n genel olarak plastik ve eski kuma\u015flardan olu\u015fan \u00e7ad\u0131rlarla &hellip;<\/p>\n","protected":false},"author":1,"featured_media":174077,"comment_status":"closed","ping_status":"closed","sticky":false,"template":"","format":"standard","meta":{"footnotes":""},"categories":[479,17988,478],"tags":[],"class_list":["post-174076","post","type-post","status-publish","format-standard","has-post-thumbnail","","category-haberler-yerel","category-son-haberler","category-yerel"],"_links":{"self":[{"href":"https:\/\/archive.sana.sy\/tr\/index.php?rest_route=\/wp\/v2\/posts\/174076","targetHints":{"allow":["GET"]}}],"collection":[{"href":"https:\/\/archive.sana.sy\/tr\/index.php?rest_route=\/wp\/v2\/posts"}],"about":[{"href":"https:\/\/archive.sana.sy\/tr\/index.php?rest_route=\/wp\/v2\/types\/post"}],"author":[{"embeddable":true,"href":"https:\/\/archive.sana.sy\/tr\/index.php?rest_route=\/wp\/v2\/users\/1"}],"replies":[{"embeddable":true,"href":"https:\/\/archive.sana.sy\/tr\/index.php?rest_route=%2Fwp%2Fv2%2Fcomments&post=174076"}],"version-history":[{"count":0,"href":"https:\/\/archive.sana.sy\/tr\/index.php?rest_route=\/wp\/v2\/posts\/174076\/revisions"}],"wp:featuredmedia":[{"embeddable":true,"href":"https:\/\/archive.sana.sy\/tr\/index.php?rest_route=\/wp\/v2\/media\/174077"}],"wp:attachment":[{"href":"https:\/\/archive.sana.sy\/tr\/index.php?rest_route=%2Fwp%2Fv2%2Fmedia&parent=174076"}],"wp:term":[{"taxonomy":"category","embeddable":true,"href":"https:\/\/archive.sana.sy\/tr\/index.php?rest_route=%2Fwp%2Fv2%2Fcategories&post=174076"},{"taxonomy":"post_tag","embeddable":true,"href":"https:\/\/archive.sana.sy\/tr\/index.php?rest_route=%2Fwp%2Fv2%2Ftags&post=174076"}],"curies":[{"name":"wp","href":"https:\/\/api.w.org\/{rel}","templated":true}]}}