{"id":174117,"date":"2019-02-10T23:23:46","date_gmt":"2019-02-10T21:23:46","guid":{"rendered":"http:\/\/www.sana.sy\/tr\/?p=174117"},"modified":"2019-02-11T13:26:10","modified_gmt":"2019-02-11T11:26:10","slug":"el-esad-kanundaki-yeni-duzenlemeleri-onayladi","status":"publish","type":"post","link":"https:\/\/archive.sana.sy\/tr\/?p=174117","title":{"rendered":"El Esad Kanundaki Yeni D\u00fczenlemeleri Onaylad\u0131"},"content":{"rendered":"\n<p>\u015eAM \u2013 Cumhurba\u015fkan\u0131 Be\u015f\u015far el Esad Halk Meclisinin tart\u0131\u015f\u0131p oylamada kabul etmesi ard\u0131ndan anayasa gere\u011fince cumhurba\u015fkanl\u0131\u011f\u0131na sevk etti\u011fi aile hukuku kanunundaki d\u00fczenlemeleri onaylad\u0131.<\/p>\n\n\n\n<p>Halk Meclisi 05-02-2019 tarihli oturumunda 1953 y\u0131l\u0131 59 nolu aile hukuku kanunun 60\u2019tan fazla maddesinde yeni d\u00fczenlemelerin yap\u0131lmas\u0131n\u0131 tart\u0131\u015f\u0131p kararla\u015ft\u0131rm\u0131\u015ft\u0131.<\/p>\n\n\n\n<p>Yeni d\u00fczenlemelerde \u00e7ok e\u015fli evlilik, evlilik ya\u015f\u0131, kad\u0131n ve \u00e7ocuklar\u0131n haklar\u0131 g\u00fcn\u00fcm\u00fcz ko\u015fullar\u0131na uygun \u015fekilde modernize edildi.<\/p>\n\n\n\n<p>Yeni d\u00fczenlemelere g\u00f6re evli \u00e7iftlerde hem kad\u0131n hem de erke\u011fin dini ve kanuni temellerde evlilik s\u00f6zle\u015fmesi belirlemeleri m\u00fcmk\u00fcn oldu. \u0130kinci evlilik, yolculuk, bo\u015fanma, i\u015f ve benzeri konularda kad\u0131n\u0131n hakk\u0131n\u0131n garantilendi\u011fi yeni d\u00fczenlemelerde bo\u015fanmada da kad\u0131n haklar\u0131 peki\u015ftirildi.<\/p>\n\n\n\n<p>Yeni d\u00fczenlemelere g\u00f6re bir baban\u0131n vekalet sahibi olsa bile k\u0131z\u0131n\u0131n a\u00e7\u0131k ve aleni onay\u0131 olmaks\u0131z\u0131n onu evlendireme yetkisi olmayacak. K\u0131zlar\u0131n evlilik ya\u015f\u0131 da 17\u2019den 18\u2019e \u00e7\u0131kart\u0131l\u0131rken; ebeveynlerden birinin vefat\u0131 halinde \u00e7ocuklar\u0131 yeti\u015ftirme hakk\u0131nda anaya \u00f6ncelik verildi.<\/p>\n\n\n\n<p>Yeni d\u00fczenlemeler yeni sosyal durumlar ve ko\u015fullar gere\u011fince haz\u0131rlan\u0131rken; ama\u00e7 kad\u0131n ve \u00e7ocuklar\u0131n haklar\u0131n\u0131 savunup garantilemek oldu.<\/p>\n","protected":false},"excerpt":{"rendered":"<p>\u015eAM \u2013 Cumhurba\u015fkan\u0131 Be\u015f\u015far el Esad Halk Meclisinin tart\u0131\u015f\u0131p oylamada kabul etmesi ard\u0131ndan anayasa gere\u011fince cumhurba\u015fkanl\u0131\u011f\u0131na sevk etti\u011fi aile hukuku kanunundaki d\u00fczenlemeleri onaylad\u0131. Halk Meclisi 05-02-2019 tarihli oturumunda 1953 y\u0131l\u0131 59 nolu aile hukuku kanunun 60\u2019tan fazla maddesinde yeni d\u00fczenlemelerin yap\u0131lmas\u0131n\u0131 tart\u0131\u015f\u0131p kararla\u015ft\u0131rm\u0131\u015ft\u0131. Yeni d\u00fczenlemelerde \u00e7ok e\u015fli evlilik, evlilik ya\u015f\u0131, kad\u0131n ve \u00e7ocuklar\u0131n haklar\u0131 g\u00fcn\u00fcm\u00fcz &hellip;<\/p>\n","protected":false},"author":1,"featured_media":134042,"comment_status":"closed","ping_status":"closed","sticky":false,"template":"","format":"standard","meta":{"footnotes":""},"categories":[479,605,17988,612,599,478],"tags":[],"class_list":["post-174117","post","type-post","status-publish","format-standard","has-post-thumbnail","","category-haberler-yerel","category-sayin-cumhurbaskani","category-son-haberler","category-yasama-kararnameler","category-yasama-ve-kanunlar","category-yerel"],"_links":{"self":[{"href":"https:\/\/archive.sana.sy\/tr\/index.php?rest_route=\/wp\/v2\/posts\/174117","targetHints":{"allow":["GET"]}}],"collection":[{"href":"https:\/\/archive.sana.sy\/tr\/index.php?rest_route=\/wp\/v2\/posts"}],"about":[{"href":"https:\/\/archive.sana.sy\/tr\/index.php?rest_route=\/wp\/v2\/types\/post"}],"author":[{"embeddable":true,"href":"https:\/\/archive.sana.sy\/tr\/index.php?rest_route=\/wp\/v2\/users\/1"}],"replies":[{"embeddable":true,"href":"https:\/\/archive.sana.sy\/tr\/index.php?rest_route=%2Fwp%2Fv2%2Fcomments&post=174117"}],"version-history":[{"count":0,"href":"https:\/\/archive.sana.sy\/tr\/index.php?rest_route=\/wp\/v2\/posts\/174117\/revisions"}],"wp:featuredmedia":[{"embeddable":true,"href":"https:\/\/archive.sana.sy\/tr\/index.php?rest_route=\/wp\/v2\/media\/134042"}],"wp:attachment":[{"href":"https:\/\/archive.sana.sy\/tr\/index.php?rest_route=%2Fwp%2Fv2%2Fmedia&parent=174117"}],"wp:term":[{"taxonomy":"category","embeddable":true,"href":"https:\/\/archive.sana.sy\/tr\/index.php?rest_route=%2Fwp%2Fv2%2Fcategories&post=174117"},{"taxonomy":"post_tag","embeddable":true,"href":"https:\/\/archive.sana.sy\/tr\/index.php?rest_route=%2Fwp%2Fv2%2Ftags&post=174117"}],"curies":[{"name":"wp","href":"https:\/\/api.w.org\/{rel}","templated":true}]}}