{"id":174124,"date":"2019-02-10T23:45:16","date_gmt":"2019-02-10T21:45:16","guid":{"rendered":"http:\/\/www.sana.sy\/tr\/?p=174124"},"modified":"2019-02-11T14:13:40","modified_gmt":"2019-02-11T12:13:40","slug":"bakanlar-kurulu-bir-dizi-karar-aldi","status":"publish","type":"post","link":"https:\/\/archive.sana.sy\/tr\/?p=174124","title":{"rendered":"Bakanlar Kurulu Bir Dizi Karar Ald\u0131"},"content":{"rendered":"\n<p>\u015eAM \u2013 Devletin vatan ve vatanda\u015flar\u0131 koruma hizmetlerine takdirinin bir ifadesi olarak Bakanlar Kurulu Ba\u015fbakan \u0130mad Hamis ba\u015fkanl\u0131\u011f\u0131nda d\u00fczenledi\u011fi toplant\u0131da askerlik hizmeti ya da ihtiyat hizmetinde 5 y\u0131l s\u00fcre g\u00f6rev yapmalar\u0131 ard\u0131ndan terhis edilen t\u00fcm asker ve subaylara destek ve yard\u0131m icraatlar\u0131 kararla\u015ft\u0131r\u0131ld\u0131. <\/p>\n\n\n\n<p>Bakanlar Kurulu karar\u0131nda askerlik hizmeti s\u0131ras\u0131nda ald\u0131\u011f\u0131 yaralar sonucunda askerlik hizmetinden terhis edilen gaziler veya 5 y\u0131ldan fazla s\u00fcredir askerlik hizmetinde bulunan asker ve subaylara bir y\u0131l boyunca ayl\u0131k maa\u015f\u0131n \u00f6denmesi kararla\u015ft\u0131r\u0131ld\u0131. S\u00f6z konusu asker ve subaylar\u0131n terhis edilmeleri ard\u0131ndan onlara sosyal deste\u011fin sa\u011flanmas\u0131n\u0131n da \u00f6n g\u00f6r\u00fcld\u00fc\u011f\u00fc kararda, ge\u00e7imlerini sa\u011flamalar\u0131na yard\u0131m etmek i\u00e7in \u00f6zel veya kamu sekt\u00f6rlerindeki i\u015f f\u0131rsatlar\u0131nda kendilerine \u00f6ncelik verilecek.<\/p>\n\n\n\n<ul class=\"wp-block-gallery alignright columns-1 is-cropped wp-block-gallery-1 is-layout-flex wp-block-gallery-is-layout-flex\"><li class=\"blocks-gallery-item\"><figure><a href=\"https:\/\/www.sana.sy\/tr\/wp-content\/uploads\/2019\/02\/10-50-1024x628.jpg\"><img loading=\"lazy\" decoding=\"async\" width=\"1024\" height=\"628\" src=\"https:\/\/www.sana.sy\/tr\/wp-content\/uploads\/2019\/02\/10-50-1024x628.jpg\" alt=\"\" data-id=\"174126\" data-link=\"https:\/\/www.sana.sy\/tr\/?attachment_id=174126\" class=\"wp-image-174126\" srcset=\"https:\/\/archive.sana.sy\/tr\/wp-content\/uploads\/2019\/02\/10-50-1024x628.jpg 1024w, https:\/\/archive.sana.sy\/tr\/wp-content\/uploads\/2019\/02\/10-50-150x92.jpg 150w, https:\/\/archive.sana.sy\/tr\/wp-content\/uploads\/2019\/02\/10-50-300x184.jpg 300w, https:\/\/archive.sana.sy\/tr\/wp-content\/uploads\/2019\/02\/10-50-768x471.jpg 768w\" sizes=\"auto, (max-width: 1024px) 100vw, 1024px\" \/><\/a><\/figure><\/li><\/ul>\n\n\n\n<p>Mesleki e\u011fitim ve olanaklar\u0131n\u0131n da geli\u015ftirilmesine yard\u0131m etmenin \u00f6ng\u00f6r\u00fcld\u00fc\u011f\u00fc kararda k\u00fc\u00e7\u00fck \u00f6l\u00e7ekli i\u015f projelerini hayata ge\u00e7irmeleri i\u00e7in maddi destek temin edilecek. <\/p>\n\n\n\n<p>Bakanlar Kurulu toplant\u0131s\u0131nda ayn\u0131 zamanda hayvan ve bitki \u015f\u0131klar\u0131nda olmak \u00fczere tar\u0131m sekt\u00f6r\u00fcn\u00fcn geli\u015ftirilmesi ve \u00fcretimin artt\u0131r\u0131lmas\u0131 amac\u0131yla toplam 6 milyar lira b\u00fct\u00e7e tahsis edilmesi karar\u0131 ald\u0131. <\/p>\n\n\n\n<p>Vatanda\u015flar\u0131n muhtelif t\u00fcr temel gereksinimlerinin temin edilmesinde gerekli icraatlar\u0131n yo\u011funla\u015ft\u0131r\u0131lmas\u0131 y\u00f6n\u00fcnde ilgili t\u00fcm bakanl\u0131klara vurgu yap\u0131ld\u0131\u011f\u0131 toplant\u0131da; farkl\u0131 b\u00f6lgelerde imar planlar\u0131n\u0131n h\u0131zland\u0131r\u0131lmas\u0131 gere\u011fi vurguland\u0131. Bakanlar Kurulu k\u0131rsal ve geli\u015fig\u00fczel yerle\u015fim alanlar\u0131n\u0131n sosyal, ekonomi, imar ve \u00fcretim a\u00e7\u0131s\u0131ndan geli\u015ftirilmesi i\u00e7in gerekli icraatlar\u0131n h\u0131zland\u0131r\u0131lmas\u0131 karar\u0131 ald\u0131. <\/p>\n\n\n\n<p>Bakanlar Kurulu ter\u00f6rden kurtar\u0131lan b\u00f6lgelerde hasar tespiti komitelerinin \u00e7al\u0131\u015fmalar\u0131n\u0131 h\u0131zland\u0131rmalar\u0131 ve gereken onar\u0131m \u00e7al\u0131\u015fmalar\u0131 i\u00e7in \u00e7abalar\u0131n yo\u011funla\u015ft\u0131r\u0131lmas\u0131 y\u00f6n\u00fcnde talimatlar verdi.<\/p>\n\n\n\n<ul class=\"wp-block-gallery columns-1 is-cropped wp-block-gallery-2 is-layout-flex wp-block-gallery-is-layout-flex\"><li class=\"blocks-gallery-item\"><figure><a href=\"https:\/\/www.sana.sy\/tr\/wp-content\/uploads\/2019\/02\/500-7-1024x568.jpg\"><img loading=\"lazy\" decoding=\"async\" width=\"1024\" height=\"568\" src=\"https:\/\/www.sana.sy\/tr\/wp-content\/uploads\/2019\/02\/500-7-1024x568.jpg\" alt=\"\" data-id=\"174127\" data-link=\"https:\/\/www.sana.sy\/tr\/?attachment_id=174127\" class=\"wp-image-174127\" srcset=\"https:\/\/archive.sana.sy\/tr\/wp-content\/uploads\/2019\/02\/500-7-1024x568.jpg 1024w, https:\/\/archive.sana.sy\/tr\/wp-content\/uploads\/2019\/02\/500-7-150x83.jpg 150w, https:\/\/archive.sana.sy\/tr\/wp-content\/uploads\/2019\/02\/500-7-300x166.jpg 300w, https:\/\/archive.sana.sy\/tr\/wp-content\/uploads\/2019\/02\/500-7-768x426.jpg 768w\" sizes=\"auto, (max-width: 1024px) 100vw, 1024px\" \/><\/a><\/figure><\/li><\/ul>\n","protected":false},"excerpt":{"rendered":"<p>\u015eAM \u2013 Devletin vatan ve vatanda\u015flar\u0131 koruma hizmetlerine takdirinin bir ifadesi olarak Bakanlar Kurulu Ba\u015fbakan \u0130mad Hamis ba\u015fkanl\u0131\u011f\u0131nda d\u00fczenledi\u011fi toplant\u0131da askerlik hizmeti ya da ihtiyat hizmetinde 5 y\u0131l s\u00fcre g\u00f6rev yapmalar\u0131 ard\u0131ndan terhis edilen t\u00fcm asker ve subaylara destek ve yard\u0131m icraatlar\u0131 kararla\u015ft\u0131r\u0131ld\u0131. Bakanlar Kurulu karar\u0131nda askerlik hizmeti s\u0131ras\u0131nda ald\u0131\u011f\u0131 yaralar sonucunda askerlik hizmetinden terhis &hellip;<\/p>\n","protected":false},"author":1,"featured_media":174125,"comment_status":"closed","ping_status":"closed","sticky":false,"template":"","format":"standard","meta":{"footnotes":""},"categories":[479,17988,478],"tags":[],"class_list":["post-174124","post","type-post","status-publish","format-standard","has-post-thumbnail","","category-haberler-yerel","category-son-haberler","category-yerel"],"_links":{"self":[{"href":"https:\/\/archive.sana.sy\/tr\/index.php?rest_route=\/wp\/v2\/posts\/174124","targetHints":{"allow":["GET"]}}],"collection":[{"href":"https:\/\/archive.sana.sy\/tr\/index.php?rest_route=\/wp\/v2\/posts"}],"about":[{"href":"https:\/\/archive.sana.sy\/tr\/index.php?rest_route=\/wp\/v2\/types\/post"}],"author":[{"embeddable":true,"href":"https:\/\/archive.sana.sy\/tr\/index.php?rest_route=\/wp\/v2\/users\/1"}],"replies":[{"embeddable":true,"href":"https:\/\/archive.sana.sy\/tr\/index.php?rest_route=%2Fwp%2Fv2%2Fcomments&post=174124"}],"version-history":[{"count":0,"href":"https:\/\/archive.sana.sy\/tr\/index.php?rest_route=\/wp\/v2\/posts\/174124\/revisions"}],"wp:featuredmedia":[{"embeddable":true,"href":"https:\/\/archive.sana.sy\/tr\/index.php?rest_route=\/wp\/v2\/media\/174125"}],"wp:attachment":[{"href":"https:\/\/archive.sana.sy\/tr\/index.php?rest_route=%2Fwp%2Fv2%2Fmedia&parent=174124"}],"wp:term":[{"taxonomy":"category","embeddable":true,"href":"https:\/\/archive.sana.sy\/tr\/index.php?rest_route=%2Fwp%2Fv2%2Fcategories&post=174124"},{"taxonomy":"post_tag","embeddable":true,"href":"https:\/\/archive.sana.sy\/tr\/index.php?rest_route=%2Fwp%2Fv2%2Ftags&post=174124"}],"curies":[{"name":"wp","href":"https:\/\/api.w.org\/{rel}","templated":true}]}}