{"id":174401,"date":"2019-02-14T13:06:04","date_gmt":"2019-02-14T11:06:04","guid":{"rendered":"http:\/\/www.sana.sy\/tr\/?p=174401"},"modified":"2019-02-15T13:58:21","modified_gmt":"2019-02-15T11:58:21","slug":"suriye-altin-madalya-kazandi-2","status":"publish","type":"post","link":"https:\/\/archive.sana.sy\/tr\/?p=174401","title":{"rendered":"Suriye Alt\u0131n Madalya Kazand\u0131 (video)"},"content":{"rendered":"\n<p>ABU DAB\u0130 \u2013 Birle\u015fik Arap Emirliklerinin \u015earika Emirli\u011finde d\u00fczenlenen Uluslararas\u0131 IWAS \u00d6zel Sporlar \u015eampiyonas\u0131na kat\u0131lan Suriye ekibinden Muhammed Halit Muhammed g\u00fclle at\u0131\u015f\u0131nda alt\u0131n madalya kazand\u0131.<\/p>\n\n\n\n<p>Muhammed yar\u0131\u015fmada g\u00fclle at\u0131\u015f\u0131nda 13.44 metre rekor kaydederek birincili\u011fi kazan\u0131rken, ikincili\u011fi \u00e7ek, \u00fc\u00e7\u00fcnc\u00fcl\u00fc\u011f\u00fc de Birle\u015fik Arap Emirlikleri kazand\u0131.<\/p>\n\n\n\n<figure class=\"wp-block-embed-youtube wp-block-embed is-type-video is-provider-youtube wp-embed-aspect-16-9 wp-has-aspect-ratio\"><div class=\"wp-block-embed__wrapper\">\n<iframe loading=\"lazy\" title=\"\u0630\u0647\u0628\u064a\u0629 \u0644\u0633\u0648\u0631\u064a\u0629 \u0641\u064a \u0628\u0637\u0648\u0644\u0629 \u0625\u064a\u0648\u0627\u0633 \u0627\u0644\u062f\u0648\u0644\u064a\u0629 \u0644\u0644\u0631\u064a\u0627\u0636\u0627\u062a \u0627\u0644\u062e\u0627\u0635\u0629\" width=\"618\" height=\"348\" src=\"https:\/\/www.youtube.com\/embed\/RAqqmI0133c?feature=oembed\" frameborder=\"0\" allow=\"accelerometer; autoplay; clipboard-write; encrypted-media; gyroscope; picture-in-picture; web-share\" referrerpolicy=\"strict-origin-when-cross-origin\" allowfullscreen><\/iframe>\n<\/div><\/figure>\n","protected":false},"excerpt":{"rendered":"<p>ABU DAB\u0130 \u2013 Birle\u015fik Arap Emirliklerinin \u015earika Emirli\u011finde d\u00fczenlenen Uluslararas\u0131 IWAS \u00d6zel Sporlar \u015eampiyonas\u0131na kat\u0131lan Suriye ekibinden Muhammed Halit Muhammed g\u00fclle at\u0131\u015f\u0131nda alt\u0131n madalya kazand\u0131. Muhammed yar\u0131\u015fmada g\u00fclle at\u0131\u015f\u0131nda 13.44 metre rekor kaydederek birincili\u011fi kazan\u0131rken, ikincili\u011fi \u00e7ek, \u00fc\u00e7\u00fcnc\u00fcl\u00fc\u011f\u00fc de Birle\u015fik Arap Emirlikleri kazand\u0131.<\/p>\n","protected":false},"author":1,"featured_media":174402,"comment_status":"closed","ping_status":"closed","sticky":false,"template":"","format":"standard","meta":{"footnotes":""},"categories":[498,17988,496],"tags":[],"class_list":["post-174401","post","type-post","status-publish","format-standard","has-post-thumbnail","","category-dunya-turnuvalari","category-son-haberler","category-spor"],"_links":{"self":[{"href":"https:\/\/archive.sana.sy\/tr\/index.php?rest_route=\/wp\/v2\/posts\/174401","targetHints":{"allow":["GET"]}}],"collection":[{"href":"https:\/\/archive.sana.sy\/tr\/index.php?rest_route=\/wp\/v2\/posts"}],"about":[{"href":"https:\/\/archive.sana.sy\/tr\/index.php?rest_route=\/wp\/v2\/types\/post"}],"author":[{"embeddable":true,"href":"https:\/\/archive.sana.sy\/tr\/index.php?rest_route=\/wp\/v2\/users\/1"}],"replies":[{"embeddable":true,"href":"https:\/\/archive.sana.sy\/tr\/index.php?rest_route=%2Fwp%2Fv2%2Fcomments&post=174401"}],"version-history":[{"count":0,"href":"https:\/\/archive.sana.sy\/tr\/index.php?rest_route=\/wp\/v2\/posts\/174401\/revisions"}],"wp:featuredmedia":[{"embeddable":true,"href":"https:\/\/archive.sana.sy\/tr\/index.php?rest_route=\/wp\/v2\/media\/174402"}],"wp:attachment":[{"href":"https:\/\/archive.sana.sy\/tr\/index.php?rest_route=%2Fwp%2Fv2%2Fmedia&parent=174401"}],"wp:term":[{"taxonomy":"category","embeddable":true,"href":"https:\/\/archive.sana.sy\/tr\/index.php?rest_route=%2Fwp%2Fv2%2Fcategories&post=174401"},{"taxonomy":"post_tag","embeddable":true,"href":"https:\/\/archive.sana.sy\/tr\/index.php?rest_route=%2Fwp%2Fv2%2Ftags&post=174401"}],"curies":[{"name":"wp","href":"https:\/\/api.w.org\/{rel}","templated":true}]}}