{"id":174796,"date":"2019-02-17T12:05:51","date_gmt":"2019-02-17T10:05:51","guid":{"rendered":"http:\/\/www.sana.sy\/tr\/?p=174796"},"modified":"2019-02-18T14:12:16","modified_gmt":"2019-02-18T12:12:16","slug":"abd-ve-isid-arasinda-define-anlasmasi","status":"publish","type":"post","link":"https:\/\/archive.sana.sy\/tr\/?p=174796","title":{"rendered":"ABD ve I\u015e\u0130D Aras\u0131nda Define Anla\u015fmas\u0131"},"content":{"rendered":"\n<p>DEYREZZOR \u2013 ABD y\u00f6netimi ve m\u00fcttefikleri dev medya ara\u00e7lar\u0131yla i\u015fbirli\u011fi i\u00e7inde d\u00fcnya kamuoyunu kand\u0131rma ve I\u015e\u0130D\u2019e kar\u015f\u0131 yeni bir zafer kazand\u0131\u011f\u0131n\u0131 iddia etmeye haz\u0131rlan\u0131rken; ABD ile radikal ter\u00f6r \u00f6rg\u00fct\u00fc I\u015e\u0130D aras\u0131nda b\u00fcy\u00fck bir anla\u015fma sa\u011fland\u0131. <\/p>\n\n\n\n<p>Deyrezzor \u0130linin do\u011fu k\u0131rsal\u0131nda \u00e7ok say\u0131da yerel kaynak; \u201cI\u015e\u0130D\u2019e kar\u015f\u0131 sava\u015f\u201d bahanesi alt\u0131nda \u00e7oluk \u00e7ocuk, kad\u0131n ya\u015fl\u0131 demeden sivilleri vah\u015fice bombalay\u0131p toplu \u015fekilde katleden ve evlerinden tehcir eden ABD koalisyonunu ile I\u015e\u0130D aras\u0131nda s\u0131k\u0131 bir koordinasyon ve i\u015fbirli\u011finin bulundu\u011funu belirtti. <\/p>\n\n\n\n<p>Yerel kaynaklar ABD koalisyonunun I\u015e\u0130D\u2019i destekleme, az\u0131l\u0131 ter\u00f6ristlerini askeri helikopterlerle kurtar\u0131p ba\u015fka b\u00f6lgelere aktarma, sivilleri bombalama, altyap\u0131 ve hizmet \u015febekerini bombalamalar\u0131na ilaveten son olarak ABD g\u00fc\u00e7leri ile I\u015e\u0130D aras\u0131nda b\u00fcy\u00fck bir anla\u015fma yap\u0131ld\u0131\u011f\u0131n\u0131 belirtti. <\/p>\n\n\n\n<p>Anla\u015fma gere\u011fince I\u015e\u0130D\u2019in daha \u00f6nce Suriye&#8217;nin farkl\u0131 b\u00f6lgelerinden gasp ettikleri alt\u0131n ve di\u011fer servetleri ABD g\u00fc\u00e7lerine teslim etti\u011finin alt\u0131n\u0131 \u00e7izen yerel kaynaklar; ABD\u2019li helikopterlerin Haseke \u0130linin g\u00fcney k\u0131rsal\u0131 D\u015fiy\u015fa B\u00f6lgesinden alt\u0131n ve ganimet dolu b\u00fcy\u00fck sand\u0131klar ta\u015f\u0131d\u0131klar\u0131na dikkat \u00e7ekti. <\/p>\n\n\n\n<p>Daha \u00f6nce muhtelif medya ara\u00e7lar\u0131n\u0131n da aktard\u0131klar\u0131 haberlerle uyumlu bilgilerinde yerel kaynaklar I\u015e\u0130D\u2019in D\u015fiy\u015fa B\u00f6lgesinde depolad\u0131\u011f\u0131 yakla\u015f\u0131k 40 ton alt\u0131n\u0131n I\u015e\u0130D taraf\u0131ndan ABD g\u00fc\u00e7lerine teslim edildi\u011fine vurgu yapt\u0131. Yerel kaynaklar bu alt\u0131n\u0131n yan\u0131 s\u0131ra y\u00fczlerce milyon dolar\u0131n Suriye&#8217;nin farkl\u0131 b\u00f6lgelerinin yan\u0131 s\u0131ra Irak\u2019\u0131n Musul B\u00f6lgesinden gasp edildi\u011fini ifade etti.<\/p>\n\n\n\n<p>Yerel kaynaklar ABD g\u00fc\u00e7lerinin destekleyip komuta ettikleri \u201cDemokratik Suriye G\u00fc\u00e7leri\u201d ile tam bir i\u015fbirli\u011fi i\u00e7inde bulundu\u011fu bu anla\u015fmada I\u015e\u0130D\u2019li y\u00fczlerce az\u0131l\u0131 ter\u00f6rist ve eleba\u015f\u0131n\u0131n da hayat\u0131n\u0131 kurtar\u0131p onlar\u0131 ba\u015fka b\u00f6lgelere aktard\u0131klar\u0131n\u0131 belirtti. <\/p>\n\n\n\n<p>I\u015e\u0130D ile DSG aras\u0131nda da gizli bir anla\u015fma imzaland\u0131\u011f\u0131na dikkat \u00e7eken yerel kaynaklar; aralar\u0131nda olduk\u00e7a tehlikeli ve bariz isimlerin bulundu\u011fu I\u015e\u0130D\u2019li 440 ter\u00f6ristin DSG\u2019ye teslim olduklar\u0131n\u0131 ifade etti. Yerel kaynaklar DSG\u2019nin bu ter\u00f6ristlerin havzalar\u0131nda bulunan servetlere el koymalar\u0131 ard\u0131ndan uluslararas\u0131 koalisyon g\u00fc\u00e7lerinin korumas\u0131 alt\u0131nda Irak topraklar\u0131na aktar\u0131ld\u0131klar\u0131n\u0131 kaydetti.<\/p>\n\n\n\n<p>Yerel kaynaklar ABD koalisyonundaki g\u00fc\u00e7ler ve DSG\u2019lilerin \u00f6n\u00fcm\u00fczdeki k\u0131sa s\u00fcre i\u00e7inde \u201cDeyrezzor \u0130linin do\u011fu k\u0131rsal\u0131n\u0131 I\u015e\u0130D\u2019ten temizleme zaferi\u201d iddias\u0131 alt\u0131nda b\u00fcy\u00fck kutlamalara haz\u0131rland\u0131klar\u0131na dikkat \u00e7ekti. \u0130ddia edilen bu zafer i\u00e7in b\u00fcy\u00fck bir medya kampanyas\u0131n\u0131n da planland\u0131\u011f\u0131n\u0131 ifade eden kaynaklar; ABD koalisyonu ve DSG\u2019lilerin uluslararas\u0131 kamuoyunu kand\u0131rma planlar\u0131na dikkat \u00e7ekti. <\/p>\n","protected":false},"excerpt":{"rendered":"<p>DEYREZZOR \u2013 ABD y\u00f6netimi ve m\u00fcttefikleri dev medya ara\u00e7lar\u0131yla i\u015fbirli\u011fi i\u00e7inde d\u00fcnya kamuoyunu kand\u0131rma ve I\u015e\u0130D\u2019e kar\u015f\u0131 yeni bir zafer kazand\u0131\u011f\u0131n\u0131 iddia etmeye haz\u0131rlan\u0131rken; ABD ile radikal ter\u00f6r \u00f6rg\u00fct\u00fc I\u015e\u0130D aras\u0131nda b\u00fcy\u00fck bir anla\u015fma sa\u011fland\u0131. Deyrezzor \u0130linin do\u011fu k\u0131rsal\u0131nda \u00e7ok say\u0131da yerel kaynak; \u201cI\u015e\u0130D\u2019e kar\u015f\u0131 sava\u015f\u201d bahanesi alt\u0131nda \u00e7oluk \u00e7ocuk, kad\u0131n ya\u015fl\u0131 demeden sivilleri vah\u015fice &hellip;<\/p>\n","protected":false},"author":1,"featured_media":174797,"comment_status":"closed","ping_status":"closed","sticky":false,"template":"","format":"standard","meta":{"footnotes":""},"categories":[558,556,479,575,17988,478],"tags":[],"class_list":["post-174796","post","type-post","status-publish","format-standard","has-post-thumbnail","","category-arap-basini","category-basin","category-haberler-yerel","category-olaylar-ve-gercekler","category-son-haberler","category-yerel"],"_links":{"self":[{"href":"https:\/\/archive.sana.sy\/tr\/index.php?rest_route=\/wp\/v2\/posts\/174796","targetHints":{"allow":["GET"]}}],"collection":[{"href":"https:\/\/archive.sana.sy\/tr\/index.php?rest_route=\/wp\/v2\/posts"}],"about":[{"href":"https:\/\/archive.sana.sy\/tr\/index.php?rest_route=\/wp\/v2\/types\/post"}],"author":[{"embeddable":true,"href":"https:\/\/archive.sana.sy\/tr\/index.php?rest_route=\/wp\/v2\/users\/1"}],"replies":[{"embeddable":true,"href":"https:\/\/archive.sana.sy\/tr\/index.php?rest_route=%2Fwp%2Fv2%2Fcomments&post=174796"}],"version-history":[{"count":0,"href":"https:\/\/archive.sana.sy\/tr\/index.php?rest_route=\/wp\/v2\/posts\/174796\/revisions"}],"wp:featuredmedia":[{"embeddable":true,"href":"https:\/\/archive.sana.sy\/tr\/index.php?rest_route=\/wp\/v2\/media\/174797"}],"wp:attachment":[{"href":"https:\/\/archive.sana.sy\/tr\/index.php?rest_route=%2Fwp%2Fv2%2Fmedia&parent=174796"}],"wp:term":[{"taxonomy":"category","embeddable":true,"href":"https:\/\/archive.sana.sy\/tr\/index.php?rest_route=%2Fwp%2Fv2%2Fcategories&post=174796"},{"taxonomy":"post_tag","embeddable":true,"href":"https:\/\/archive.sana.sy\/tr\/index.php?rest_route=%2Fwp%2Fv2%2Ftags&post=174796"}],"curies":[{"name":"wp","href":"https:\/\/api.w.org\/{rel}","templated":true}]}}