{"id":174799,"date":"2019-02-17T12:32:40","date_gmt":"2019-02-17T10:32:40","guid":{"rendered":"http:\/\/www.sana.sy\/tr\/?p=174799"},"modified":"2019-02-17T12:35:38","modified_gmt":"2019-02-17T10:35:38","slug":"cumhurbaskani-biraz-sonra-tum-suriyeden-belediye-baskanlarini-kabulunde-bir-konusma-yapacak","status":"publish","type":"post","link":"https:\/\/archive.sana.sy\/tr\/?p=174799","title":{"rendered":"Cumhurba\u015fkan\u0131 el Esad biraz sonra t\u00fcm Suriye&#8217;den belediye ba\u015fkanlar\u0131n\u0131 kabul\u00fcnde bir konu\u015fma yapacak."},"content":{"rendered":"\n<p>Cumhurba\u015fkan\u0131 el Esad biraz sonra t\u00fcm Suriye&#8217;den belediye ba\u015fkanlar\u0131n\u0131 kabul\u00fcnde bir konu\u015fma yapacak.<\/p>\n","protected":false},"excerpt":{"rendered":"<p>Cumhurba\u015fkan\u0131 el Esad biraz sonra t\u00fcm Suriye&#8217;den belediye ba\u015fkanlar\u0131n\u0131 kabul\u00fcnde bir konu\u015fma yapacak.<\/p>\n","protected":false},"author":1,"featured_media":0,"comment_status":"closed","ping_status":"closed","sticky":false,"template":"","format":"standard","meta":{"footnotes":""},"categories":[17991],"tags":[],"class_list":["post-174799","post","type-post","status-publish","format-standard","","category-son-dakika"],"_links":{"self":[{"href":"https:\/\/archive.sana.sy\/tr\/index.php?rest_route=\/wp\/v2\/posts\/174799","targetHints":{"allow":["GET"]}}],"collection":[{"href":"https:\/\/archive.sana.sy\/tr\/index.php?rest_route=\/wp\/v2\/posts"}],"about":[{"href":"https:\/\/archive.sana.sy\/tr\/index.php?rest_route=\/wp\/v2\/types\/post"}],"author":[{"embeddable":true,"href":"https:\/\/archive.sana.sy\/tr\/index.php?rest_route=\/wp\/v2\/users\/1"}],"replies":[{"embeddable":true,"href":"https:\/\/archive.sana.sy\/tr\/index.php?rest_route=%2Fwp%2Fv2%2Fcomments&post=174799"}],"version-history":[{"count":0,"href":"https:\/\/archive.sana.sy\/tr\/index.php?rest_route=\/wp\/v2\/posts\/174799\/revisions"}],"wp:attachment":[{"href":"https:\/\/archive.sana.sy\/tr\/index.php?rest_route=%2Fwp%2Fv2%2Fmedia&parent=174799"}],"wp:term":[{"taxonomy":"category","embeddable":true,"href":"https:\/\/archive.sana.sy\/tr\/index.php?rest_route=%2Fwp%2Fv2%2Fcategories&post=174799"},{"taxonomy":"post_tag","embeddable":true,"href":"https:\/\/archive.sana.sy\/tr\/index.php?rest_route=%2Fwp%2Fv2%2Ftags&post=174799"}],"curies":[{"name":"wp","href":"https:\/\/api.w.org\/{rel}","templated":true}]}}