{"id":174802,"date":"2019-02-17T12:58:57","date_gmt":"2019-02-17T10:58:57","guid":{"rendered":"http:\/\/www.sana.sy\/tr\/?p=174802"},"modified":"2019-02-18T14:12:07","modified_gmt":"2019-02-18T12:12:07","slug":"asil-zanaat-yeniden-canlaniyor","status":"publish","type":"post","link":"https:\/\/archive.sana.sy\/tr\/?p=174802","title":{"rendered":"Asil Zanaat Yeniden Canlan\u0131yor"},"content":{"rendered":"\n<p>LAZK\u0130YE \u2013 Do\u011fal ipek \u00fcretimi Suriye&#8217;de tarihten beri asil bir zanaat say\u0131l\u0131rken; Suriye&#8217;de \u00fcretilen do\u011fal ipek t\u00fcm d\u00fcnyaya \u00fcn sald\u0131. <\/p>\n\n\n\n<div class=\"wp-block-image\"><figure class=\"alignright\"><a href=\"http:\/\/www.sana.sy\/7ffdefe1-614e-43b8-ae94-722ee8cd9c05\"><img loading=\"lazy\" decoding=\"async\" width=\"300\" height=\"196\" src=\"http:\/\/www.sana.sy\/tr\/wp-content\/uploads\/2019\/02\/1-106-300x196.jpg\" alt=\"\" class=\"wp-image-174807\" srcset=\"https:\/\/archive.sana.sy\/tr\/wp-content\/uploads\/2019\/02\/1-106-300x196.jpg 300w, https:\/\/archive.sana.sy\/tr\/wp-content\/uploads\/2019\/02\/1-106-150x98.jpg 150w, https:\/\/archive.sana.sy\/tr\/wp-content\/uploads\/2019\/02\/1-106.jpg 660w\" sizes=\"auto, (max-width: 300px) 100vw, 300px\" \/><\/a><\/figure><\/div>\n\n\n\n<p>Lazkiye \u0130l Tar\u0131m M\u00fcd\u00fcrl\u00fc\u011f\u00fcnde Ar\u0131 ve \u0130pek B\u00f6ce\u011fi Yeti\u015ftiricili\u011fi Departman\u0131 Ba\u015fkan\u0131 Reyyan Mualla; son y\u0131llarda yapay ipek \u00fcretiminin artmas\u0131 ve ya\u015fanan ko\u015fullar nedeniyle bu zanaat\u0131n olumsuz etkilendi\u011fini s\u00f6yledi.<\/p>\n\n\n\n<p>Mualla h\u00fck\u00fcmetin bu zanaat\u0131n \u00f6nemi ve Suriye&#8217;deki asaletinden hareketle 2017 y\u0131l\u0131nda ipek b\u00f6ce\u011fi yeti\u015ftiricili\u011finin kalk\u0131nd\u0131r\u0131lmas\u0131 ve yayg\u0131nla\u015ft\u0131r\u0131lmas\u0131 amac\u0131yla destek ve te\u015fvik projesi ba\u015flatt\u0131\u011f\u0131na dikkat \u00e7ekti. Bu proje kapsam\u0131nda ipek b\u00f6ce\u011finin ana g\u0131da maddesi say\u0131lan dut yapraklar\u0131 \u00fcretimi amac\u0131yla geni\u015f alanlara dut a\u011fa\u00e7lar\u0131 ekti\u011fini ifade eden Mualla; yeti\u015ftiricilere de maddi destek ve toleranslar sa\u011flad\u0131\u011f\u0131n\u0131 kaydetti. <\/p>\n\n\n\n<p>Mualla daha \u00f6nce kilosu 300 liraya sat\u0131lan ipek b\u00f6ce\u011fi kozalar\u0131n\u0131n fiyatlar\u0131n\u0131n te\u015fvik ama\u00e7l\u0131 olarak devlet taraf\u0131ndan 2 bin liraya artt\u0131r\u0131ld\u0131\u011f\u0131na dikkat \u00e7ekti. <\/p>\n\n\n\n<ul class=\"wp-block-gallery columns-3 is-cropped wp-block-gallery-1 is-layout-flex wp-block-gallery-is-layout-flex\"><li class=\"blocks-gallery-item\"><figure><a href=\"http:\/\/www.sana.sy\/tr\/wp-content\/uploads\/2019\/02\/2-16-1024x575.jpg\"><img loading=\"lazy\" decoding=\"async\" width=\"1024\" height=\"575\" src=\"http:\/\/www.sana.sy\/tr\/wp-content\/uploads\/2019\/02\/2-16-1024x575.jpg\" alt=\"\" data-id=\"174804\" data-link=\"http:\/\/www.sana.sy\/tr\/?attachment_id=174804\" class=\"wp-image-174804\" srcset=\"https:\/\/archive.sana.sy\/tr\/wp-content\/uploads\/2019\/02\/2-16-1024x575.jpg 1024w, https:\/\/archive.sana.sy\/tr\/wp-content\/uploads\/2019\/02\/2-16-150x84.jpg 150w, https:\/\/archive.sana.sy\/tr\/wp-content\/uploads\/2019\/02\/2-16-300x168.jpg 300w, https:\/\/archive.sana.sy\/tr\/wp-content\/uploads\/2019\/02\/2-16-768x431.jpg 768w, https:\/\/archive.sana.sy\/tr\/wp-content\/uploads\/2019\/02\/2-16.jpg 1568w\" sizes=\"auto, (max-width: 1024px) 100vw, 1024px\" \/><\/a><\/figure><\/li><li class=\"blocks-gallery-item\"><figure><a href=\"http:\/\/www.sana.sy\/tr\/wp-content\/uploads\/2019\/02\/3-4-768x1024.jpg\"><img loading=\"lazy\" decoding=\"async\" width=\"768\" height=\"1024\" src=\"http:\/\/www.sana.sy\/tr\/wp-content\/uploads\/2019\/02\/3-4-768x1024.jpg\" alt=\"\" data-id=\"174805\" data-link=\"http:\/\/www.sana.sy\/tr\/?attachment_id=174805\" class=\"wp-image-174805\" srcset=\"https:\/\/archive.sana.sy\/tr\/wp-content\/uploads\/2019\/02\/3-4.jpg 768w, https:\/\/archive.sana.sy\/tr\/wp-content\/uploads\/2019\/02\/3-4-113x150.jpg 113w, https:\/\/archive.sana.sy\/tr\/wp-content\/uploads\/2019\/02\/3-4-225x300.jpg 225w\" sizes=\"auto, (max-width: 768px) 100vw, 768px\" \/><\/a><\/figure><\/li><li class=\"blocks-gallery-item\"><figure><a href=\"http:\/\/www.sana.sy\/tr\/wp-content\/uploads\/2019\/02\/4-3-768x1024.jpg\"><img loading=\"lazy\" decoding=\"async\" width=\"768\" height=\"1024\" src=\"http:\/\/www.sana.sy\/tr\/wp-content\/uploads\/2019\/02\/4-3-768x1024.jpg\" alt=\"\" data-id=\"174806\" data-link=\"http:\/\/www.sana.sy\/tr\/?attachment_id=174806\" class=\"wp-image-174806\" srcset=\"https:\/\/archive.sana.sy\/tr\/wp-content\/uploads\/2019\/02\/4-3.jpg 768w, https:\/\/archive.sana.sy\/tr\/wp-content\/uploads\/2019\/02\/4-3-113x150.jpg 113w, https:\/\/archive.sana.sy\/tr\/wp-content\/uploads\/2019\/02\/4-3-225x300.jpg 225w\" sizes=\"auto, (max-width: 768px) 100vw, 768px\" \/><\/a><\/figure><\/li><\/ul>\n","protected":false},"excerpt":{"rendered":"<p>LAZK\u0130YE \u2013 Do\u011fal ipek \u00fcretimi Suriye&#8217;de tarihten beri asil bir zanaat say\u0131l\u0131rken; Suriye&#8217;de \u00fcretilen do\u011fal ipek t\u00fcm d\u00fcnyaya \u00fcn sald\u0131. Lazkiye \u0130l Tar\u0131m M\u00fcd\u00fcrl\u00fc\u011f\u00fcnde Ar\u0131 ve \u0130pek B\u00f6ce\u011fi Yeti\u015ftiricili\u011fi Departman\u0131 Ba\u015fkan\u0131 Reyyan Mualla; son y\u0131llarda yapay ipek \u00fcretiminin artmas\u0131 ve ya\u015fanan ko\u015fullar nedeniyle bu zanaat\u0131n olumsuz etkilendi\u011fini s\u00f6yledi. Mualla h\u00fck\u00fcmetin bu zanaat\u0131n \u00f6nemi ve Suriye&#8217;deki &hellip;<\/p>\n","protected":false},"author":1,"featured_media":174803,"comment_status":"closed","ping_status":"closed","sticky":false,"template":"","format":"standard","meta":{"footnotes":""},"categories":[485,596,486,479,17988,478],"tags":[],"class_list":["post-174802","post","type-post","status-publish","format-standard","has-post-thumbnail","","category-is-ve-sermaye","category-fotografli-raporlar","category-haberler-is-ve-sermaye","category-haberler-yerel","category-son-haberler","category-yerel"],"_links":{"self":[{"href":"https:\/\/archive.sana.sy\/tr\/index.php?rest_route=\/wp\/v2\/posts\/174802","targetHints":{"allow":["GET"]}}],"collection":[{"href":"https:\/\/archive.sana.sy\/tr\/index.php?rest_route=\/wp\/v2\/posts"}],"about":[{"href":"https:\/\/archive.sana.sy\/tr\/index.php?rest_route=\/wp\/v2\/types\/post"}],"author":[{"embeddable":true,"href":"https:\/\/archive.sana.sy\/tr\/index.php?rest_route=\/wp\/v2\/users\/1"}],"replies":[{"embeddable":true,"href":"https:\/\/archive.sana.sy\/tr\/index.php?rest_route=%2Fwp%2Fv2%2Fcomments&post=174802"}],"version-history":[{"count":0,"href":"https:\/\/archive.sana.sy\/tr\/index.php?rest_route=\/wp\/v2\/posts\/174802\/revisions"}],"wp:featuredmedia":[{"embeddable":true,"href":"https:\/\/archive.sana.sy\/tr\/index.php?rest_route=\/wp\/v2\/media\/174803"}],"wp:attachment":[{"href":"https:\/\/archive.sana.sy\/tr\/index.php?rest_route=%2Fwp%2Fv2%2Fmedia&parent=174802"}],"wp:term":[{"taxonomy":"category","embeddable":true,"href":"https:\/\/archive.sana.sy\/tr\/index.php?rest_route=%2Fwp%2Fv2%2Fcategories&post=174802"},{"taxonomy":"post_tag","embeddable":true,"href":"https:\/\/archive.sana.sy\/tr\/index.php?rest_route=%2Fwp%2Fv2%2Ftags&post=174802"}],"curies":[{"name":"wp","href":"https:\/\/api.w.org\/{rel}","templated":true}]}}