{"id":174809,"date":"2019-02-17T13:28:55","date_gmt":"2019-02-17T11:28:55","guid":{"rendered":"http:\/\/www.sana.sy\/tr\/?p=174809"},"modified":"2019-02-17T13:29:22","modified_gmt":"2019-02-17T11:29:22","slug":"cumhurbaskani-bessar-el-esad-tum-suriyeden-belediye-baskanlariyla-bulusmasina-basladi","status":"publish","type":"post","link":"https:\/\/archive.sana.sy\/tr\/?p=174809","title":{"rendered":"ABD\u2019nin t\u00fcm d\u00fcnya ve halklar\u0131n\u0131 hegemonyas\u0131na al\u0131p s\u00f6m\u00fcrme plan\u0131n\u0131n de\u011fi\u015fmedi\u011fini ifade eden el Esad; Suriye halk\u0131n\u0131n m\u00fccadele g\u00fcc\u00fc ve \u0131srar\u0131n\u0131n daha da peki\u015fip daha \u00e7ok irdelendi\u011fini kaydetti."},"content":{"rendered":"\n<p>ABD\u2019nin t\u00fcm d\u00fcnya ve halklar\u0131n\u0131 hegemonyas\u0131na al\u0131p s\u00f6m\u00fcrme plan\u0131n\u0131n de\u011fi\u015fmedi\u011fini ifade eden el Esad; Suriye halk\u0131n\u0131n m\u00fccadele g\u00fcc\u00fc ve \u0131srar\u0131n\u0131n daha da peki\u015fip daha \u00e7ok irdelendi\u011fini kaydetti.<\/p>\n","protected":false},"excerpt":{"rendered":"<p>ABD\u2019nin t\u00fcm d\u00fcnya ve halklar\u0131n\u0131 hegemonyas\u0131na al\u0131p s\u00f6m\u00fcrme plan\u0131n\u0131n de\u011fi\u015fmedi\u011fini ifade eden el Esad; Suriye halk\u0131n\u0131n m\u00fccadele g\u00fcc\u00fc ve \u0131srar\u0131n\u0131n daha da peki\u015fip daha \u00e7ok irdelendi\u011fini kaydetti.<\/p>\n","protected":false},"author":1,"featured_media":0,"comment_status":"closed","ping_status":"closed","sticky":false,"template":"","format":"standard","meta":{"footnotes":""},"categories":[17991],"tags":[],"class_list":["post-174809","post","type-post","status-publish","format-standard","","category-son-dakika"],"_links":{"self":[{"href":"https:\/\/archive.sana.sy\/tr\/index.php?rest_route=\/wp\/v2\/posts\/174809","targetHints":{"allow":["GET"]}}],"collection":[{"href":"https:\/\/archive.sana.sy\/tr\/index.php?rest_route=\/wp\/v2\/posts"}],"about":[{"href":"https:\/\/archive.sana.sy\/tr\/index.php?rest_route=\/wp\/v2\/types\/post"}],"author":[{"embeddable":true,"href":"https:\/\/archive.sana.sy\/tr\/index.php?rest_route=\/wp\/v2\/users\/1"}],"replies":[{"embeddable":true,"href":"https:\/\/archive.sana.sy\/tr\/index.php?rest_route=%2Fwp%2Fv2%2Fcomments&post=174809"}],"version-history":[{"count":0,"href":"https:\/\/archive.sana.sy\/tr\/index.php?rest_route=\/wp\/v2\/posts\/174809\/revisions"}],"wp:attachment":[{"href":"https:\/\/archive.sana.sy\/tr\/index.php?rest_route=%2Fwp%2Fv2%2Fmedia&parent=174809"}],"wp:term":[{"taxonomy":"category","embeddable":true,"href":"https:\/\/archive.sana.sy\/tr\/index.php?rest_route=%2Fwp%2Fv2%2Fcategories&post=174809"},{"taxonomy":"post_tag","embeddable":true,"href":"https:\/\/archive.sana.sy\/tr\/index.php?rest_route=%2Fwp%2Fv2%2Ftags&post=174809"}],"curies":[{"name":"wp","href":"https:\/\/api.w.org\/{rel}","templated":true}]}}