{"id":174824,"date":"2019-02-17T16:20:00","date_gmt":"2019-02-17T14:20:00","guid":{"rendered":"http:\/\/www.sana.sy\/tr\/?p=174824"},"modified":"2019-02-19T12:56:52","modified_gmt":"2019-02-19T10:56:52","slug":"cumhurbaskani-el-esad-vatanin-satilik-bir-mal-olmadiginin-altini-cizerken-hirsiz-olmayan-durust-sorumlu-ve-vatansever-sahipleri-olan-kutsal-bir-sey-oldugu-vurguladi","status":"publish","type":"post","link":"https:\/\/archive.sana.sy\/tr\/?p=174824","title":{"rendered":"El Esad: Ter\u00f6r Edatlar\u0131 Ba\u015far\u0131s\u0131z Olunda T\u00fcrkiye&#8217;yi Kullan\u0131yorlar (video)"},"content":{"rendered":"\n<p>\u015eAM \u2013 Cumhurba\u015fkan\u0131 Be\u015f\u015far el Esad bug\u00fcn t\u00fcm illerden\nbelediye ba\u015fkanlar\u0131yla bulu\u015fmas\u0131nda yerel se\u00e7imlerin kararla\u015ft\u0131r\u0131lan tarihte\nyap\u0131lmalar\u0131n\u0131n, Suriye halk\u0131 ve devletinin g\u00fcc\u00fcn\u00fc kan\u0131tlad\u0131\u011f\u0131n\u0131 belirtti.<\/p>\n\n\n\n<p class=\"has-text-color has-vivid-cyan-blue-color\">Bu Devletin G\u00fcc\u00fcn\u00fc Kan\u0131tl\u0131yor<\/p>\n\n\n\n<p>Cumhurba\u015fkan\u0131 el Esad yerel se\u00e7imlerin belirlenen\ntarihte anayasa ve kanunlara uygun \u015fekilde yap\u0131lmalar\u0131n\u0131n, Suriye devletinin\ng\u00f6rev ve sorumluluklar\u0131n\u0131 yerine getirme g\u00fcc\u00fcne sahip olmayan ba\u015far\u0131s\u0131z bir\ndevlet olmas\u0131na bahis oynayanlar\u0131n kaybetti\u011fini g\u00f6sterdi\u011fini s\u00f6yledi.<\/p>\n\n\n\n<p>Yerel idarelerin rollerini peki\u015ftirmeleri amac\u0131yla\nal\u0131nan anayasal icraatlar ve d\u00fczenlemelere dikkat \u00e7eken el Esad; 107 nolu\nkanunnamenin yerel idareleri etkinle\u015ftirme a\u00e7\u0131s\u0131ndan ta\u015f\u0131d\u0131\u011f\u0131 \u00f6neme vurgu\nyapt\u0131.<\/p>\n\n\n\n<p class=\"has-text-color has-vivid-cyan-blue-color\">Yeni S\u00fcre\u00e7te Yerel \u0130darelerin Rol\u00fc Peki\u015fecek<\/p>\n\n\n\n<p>Cumhurba\u015fkan\u0131 el Esad sahasal durumlar\u0131n iyile\u015fmesi ve ter\u00f6re kar\u015f\u0131 zaferlerin ard\u0131ndan yerel dairelerde t\u00fcm alanlarda gayet olumlu ve \u00f6nemli yans\u0131malar\u0131 olacak nitelikli ataklar i\u00e7in f\u0131rsatlar\u0131n do\u011fdu\u011funu belirtti.<\/p>\n\n\n\n<p>Yerel idare birimlerinin g\u00f6rev ve inisiyatiflerinde\nmeydana gelen geli\u015fmelere i\u015faret eden el Esad; g\u00fcn\u00fcm\u00fczde yerel idare\nbirimlerinin merkezi idareye bel ba\u011flamadan g\u00f6revlerini yerine\ngetirebildiklerini ifade etti.<\/p>\n\n\n\n<ul class=\"wp-block-gallery alignright columns-1 is-cropped wp-block-gallery-1 is-layout-flex wp-block-gallery-is-layout-flex\"><li class=\"blocks-gallery-item\"><figure><a href=\"http:\/\/www.sana.sy\/tr\/wp-content\/uploads\/2019\/02\/2-17.jpg\"><img loading=\"lazy\" decoding=\"async\" width=\"960\" height=\"482\" src=\"http:\/\/www.sana.sy\/tr\/wp-content\/uploads\/2019\/02\/2-17.jpg\" alt=\"\" data-id=\"174856\" data-link=\"http:\/\/www.sana.sy\/tr\/?attachment_id=174856\" class=\"wp-image-174856\" srcset=\"https:\/\/archive.sana.sy\/tr\/wp-content\/uploads\/2019\/02\/2-17.jpg 960w, https:\/\/archive.sana.sy\/tr\/wp-content\/uploads\/2019\/02\/2-17-150x75.jpg 150w, https:\/\/archive.sana.sy\/tr\/wp-content\/uploads\/2019\/02\/2-17-300x151.jpg 300w, https:\/\/archive.sana.sy\/tr\/wp-content\/uploads\/2019\/02\/2-17-768x386.jpg 768w, https:\/\/archive.sana.sy\/tr\/wp-content\/uploads\/2019\/02\/2-17-660x330.jpg 660w\" sizes=\"auto, (max-width: 960px) 100vw, 960px\" \/><\/a><\/figure><\/li><\/ul>\n\n\n\n<p>Yerel d\u00fczeyde kalk\u0131nsal projelerin hayata ge\u00e7irilmesi\n\u00f6nemini belirten el Esad; devletin stratejik projeleriyle b\u00fct\u00fcnle\u015fen bu\nkalk\u0131nsal projelerin be\u015feri ve mali yat\u0131r\u0131mlar say\u0131ld\u0131\u011f\u0131n\u0131 s\u00f6yledi.<\/p>\n\n\n\n<p>Cumhurba\u015fkan\u0131 el Esad yerel idare kanunun olumlu\nyanlar\u0131ndan birinin, kaynaklar\u0131 idare eden yerel toplumlar\u0131n kalk\u0131nd\u0131r\u0131lmas\u0131na\nkatk\u0131lar\u0131 geni\u015fletme niteli\u011fi oldu\u011funu ifade etti.<\/p>\n\n\n\n<p class=\"has-text-color has-vivid-cyan-blue-color\">Suriye&#8217;yi B\u00f6lme Plan\u0131 Suriye ile S\u0131n\u0131rl\u0131 De\u011fildir<\/p>\n\n\n\n<p>Suriye ve halk\u0131ndan yana olduklar\u0131n\u0131 iddia eden bir\nk\u0131s\u0131m devletlerin radikal \u00f6rg\u00fctler dahil ter\u00f6re muhtelif t\u00fcr deste\u011fe\ndayand\u0131\u011f\u0131na dikkat \u00e7eken el Esad; ayn\u0131 zamanda devletin yetki ve otoritesini\nzay\u0131flatma amac\u0131yla ademi merkeziyet politikan\u0131n uygulanmas\u0131 \u00e7abalar\u0131n\u0131\npazarlamaya \u00e7al\u0131\u015ft\u0131klar\u0131n\u0131 belirtti.<\/p>\n\n\n\n<p>Cumhurba\u015fkan\u0131 el Esad Suriye\u2019yi par\u00e7alama, b\u00f6lme ve\nzay\u0131flatma plan\u0131n\u0131n yeni olmad\u0131\u011f\u0131na dikkat \u00e7ekerken; bu planlar\u0131n sadece\nSuriye\u2019de s\u0131n\u0131rl\u0131 olmay\u0131p t\u00fcm b\u00f6lge \u00fclkeleri ve halklar\u0131n\u0131 hedef ald\u0131\u011f\u0131n\u0131n\nalt\u0131n\u0131 \u00e7izdi.<\/p>\n\n\n\n<p class=\"has-text-color has-vivid-cyan-blue-color\">T\u00fcm Deste\u011fe Ra\u011fmen G\u00f6revlerini Yerine Getiremediler<\/p>\n\n\n\n<p>Ter\u00f6rden kurtar\u0131lan her kar\u0131\u015f toprakla birlikte bir vatan haini ve i\u015fbirlik\u00e7inin yok edildi\u011fini ifade eden el Esad; \u00e7\u00fcnk\u00fc y\u0131llard\u0131r onlar\u0131 destekleyip edat olarak kullanan i\u015fverenlerinin onlardan vazge\u00e7tiklerini s\u00f6yledi.<\/p>\n\n\n\n<div class=\"wp-block-image\"><figure class=\"alignright is-resized\"><a href=\"https:\/\/www.sana.sy\/tr\/wp-content\/uploads\/2019\/02\/98.jpg\"><img loading=\"lazy\" decoding=\"async\" src=\"https:\/\/www.sana.sy\/tr\/wp-content\/uploads\/2019\/02\/98-300x255.jpg\" alt=\"\" class=\"wp-image-174888\" width=\"207\" height=\"176\" srcset=\"https:\/\/archive.sana.sy\/tr\/wp-content\/uploads\/2019\/02\/98-300x255.jpg 300w, https:\/\/archive.sana.sy\/tr\/wp-content\/uploads\/2019\/02\/98-150x127.jpg 150w, https:\/\/archive.sana.sy\/tr\/wp-content\/uploads\/2019\/02\/98-768x652.jpg 768w, https:\/\/archive.sana.sy\/tr\/wp-content\/uploads\/2019\/02\/98-1024x869.jpg 1024w, https:\/\/archive.sana.sy\/tr\/wp-content\/uploads\/2019\/02\/98.jpg 1280w\" sizes=\"auto, (max-width: 207px) 100vw, 207px\" \/><\/a><\/figure><\/div>\n\n\n\n<p>El Esad bir k\u0131s\u0131m insanlar\u0131n kendilerini satma ve\nd\u00fc\u015fmanla i\u015fbirli\u011fine bahis oynad\u0131\u011f\u0131na dikkat \u00e7ekerken; i\u015fverenlerinin her t\u00fcrl\u00fc\ndeste\u011fine ra\u011fmen destek\u00e7ilerinin kendilerinden istedikleri g\u00f6revleri yerine\ngetiremediklerini s\u00f6yledi.<\/p>\n\n\n\n<p>ABD\u2019nin t\u00fcm d\u00fcnya ve halklar\u0131n\u0131\nhegemonyas\u0131na al\u0131p s\u00f6m\u00fcrme plan\u0131n\u0131n de\u011fi\u015fmedi\u011fini ifade eden el Esad; Suriye\nhalk\u0131n\u0131n m\u00fccadele g\u00fcc\u00fc ve \u0131srar\u0131n\u0131n daha da peki\u015fip daha \u00e7ok irdelendi\u011fini\nkaydetti.<\/p>\n\n\n\n<p class=\"has-text-color has-vivid-cyan-blue-color\">\u0130\u015fbirlik\u00e7iler Bunu\n\u0130rdeleyemediler<\/p>\n\n\n\n<p>Cumhurba\u015fkan\u0131 el Esad vatan\u0131n\nsat\u0131l\u0131k bir mal olmad\u0131\u011f\u0131n\u0131n alt\u0131n\u0131 \u00e7izerken; h\u0131rs\u0131z olmayan d\u00fcr\u00fcst, sorumlu ve\nvatansever sahipleri olan kutsal bir \u015fey oldu\u011fu vurgulad\u0131.<\/p>\n\n\n\n<p>El Esad t\u00fcm bu y\u0131llardan sonra\nd\u00fc\u015fmanla i\u015fbirli\u011fi yapanlar\u0131n insan\u0131n ger\u00e7ek ba\u011fl\u0131l\u0131\u011f\u0131 ve kimli\u011fi haricinde\nhi\u00e7bir \u015feyin insana de\u011fer katmayaca\u011f\u0131n\u0131 \u00f6\u011frenemediklerini vurgulad\u0131.<\/p>\n\n\n\n<p class=\"has-text-color has-vivid-cyan-blue-color\">Yegane Yol Silahlar\u0131 teslim Edip\nUzla\u015fmaya Kat\u0131lmakt\u0131r<\/p>\n\n\n\n<p>Cumhurba\u015fkan\u0131 el Esad yanl\u0131\u015f yoldan\nd\u00f6nmenin yegane yolunun yerel uzla\u015fmalara kat\u0131lmak ve silahlar\u0131 devlete teslim\netmek oldu\u011funun alt\u0131n\u0131 \u00e7izdi.<\/p>\n\n\n\n<p>Suriye\u2019nin halk\u0131, m\u00fcttefikleri ve\ndostlar\u0131yla birlikte ter\u00f6r ve destek\u00e7ilerine kar\u015f\u0131 sa\u011flad\u0131\u011f\u0131 ba\u015far\u0131lara dikkat\n\u00e7eken el Esad; ter\u00f6r\u00fcn a\u011f\u0131r hezimete u\u011frat\u0131ld\u0131\u011f\u0131n\u0131 belirtti.<\/p>\n\n\n\n<p class=\"has-text-color has-vivid-cyan-blue-color\">Zafer Birbirimize Kar\u015f\u0131 De\u011fil,\nHep Birlikteli\u011fimizin Zaferidir<\/p>\n\n\n\n<div class=\"wp-block-image\"><figure class=\"alignright is-resized\"><a href=\"https:\/\/www.sana.sy\/tr\/wp-content\/uploads\/2019\/02\/97.jpg\"><img loading=\"lazy\" decoding=\"async\" src=\"https:\/\/sana.sy\/tr\/wp-content\/uploads\/2019\/02\/97-1024x554.jpg\" alt=\"\" class=\"wp-image-174889\" width=\"371\" height=\"200\" srcset=\"https:\/\/archive.sana.sy\/tr\/wp-content\/uploads\/2019\/02\/97-1024x554.jpg 1024w, https:\/\/archive.sana.sy\/tr\/wp-content\/uploads\/2019\/02\/97-150x81.jpg 150w, https:\/\/archive.sana.sy\/tr\/wp-content\/uploads\/2019\/02\/97-300x162.jpg 300w, https:\/\/archive.sana.sy\/tr\/wp-content\/uploads\/2019\/02\/97-768x416.jpg 768w, https:\/\/archive.sana.sy\/tr\/wp-content\/uploads\/2019\/02\/97.jpg 1280w\" sizes=\"auto, (max-width: 371px) 100vw, 371px\" \/><\/a><\/figure><\/div>\n\n\n\n<p>El Esad Suriye halk\u0131n\u0131n farkl\u0131 bile\u015fenleri ve kesimlerinin omuz omuza verip birlik beraberlik iradeleri olmasayd\u0131 vatan\u0131 savunman\u0131n m\u00fcmk\u00fcn olmayaca\u011f\u0131n\u0131 ifade etti.<\/p>\n\n\n\n<p>Suriye halk\u0131n\u0131n tarihi derin\nk\u00f6klere sahip asil bir halk oldu\u011funu ifade eden el Esad; Suriyelilerin\nbirbirine kar\u015f\u0131 de\u011fil de hep birlikte zafer kazand\u0131klar\u0131n\u0131n alt\u0131n\u0131 \u00e7izdi.<\/p>\n\n\n\n<p>Cumhurba\u015fkan\u0131 el Esad bir k\u0131s\u0131m\nvatanda\u015flar\u0131n vatana ba\u011fl\u0131l\u0131klar\u0131 ve vefalar\u0131n\u0131n olmamas\u0131n\u0131n d\u0131\u015f d\u00fc\u015fmanlar\u0131n\nSuriye ve halk\u0131n\u0131 hedef almada f\u0131rsat olarak kulland\u0131klar\u0131 durum oldu\u011funu\nbelirtti.<\/p>\n\n\n\n<p class=\"has-text-color has-vivid-cyan-blue-color\">Ter\u00f6r Nedeniyle Tehcir Edilen\n\u0130stisnas\u0131z T\u00fcm Vatanda\u015flar\u0131n D\u00f6nmelerine \u00d6zen G\u00f6steriyoruz.<\/p>\n\n\n\n<p>Suriye devletinin ter\u00f6r nedeniyle\nyurti\u00e7inde ya da yurtd\u0131\u015f\u0131na tehcir edilen istisnas\u0131z her vatanda\u015f\u0131 g\u00fcvenli ve\nonurlu bir \u015fekilde evine iade etme \u00e7abas\u0131 ve \u00f6zeninde oldu\u011funun alt\u0131n\u0131 \u00e7izen el\nEsad; tehcir edilen Suriyelilerin ac\u0131lar\u0131na son vermenin tek yolunun evlerine\nd\u00f6n\u00fc\u015fleri oldu\u011funu kaydetti.<\/p>\n\n\n\n<p>Cumhurba\u015fkan\u0131 el Esad\nSuriyelilerin vatanlar\u0131na geri d\u00f6n\u00fc\u015flerini aksatan ve \u00e7abalar\u0131 sabote edenlerin\nbu meseleyle ilgileri olan devletlerin bizzat kendileri oldu\u011funu vurgularken;\nbu devletlerin krizin ba\u015flamas\u0131ndan \u00f6nce bile Suriyeli m\u00fclteciler i\u00e7in yapt\u0131klar\u0131\nhaz\u0131rl\u0131klara dikkat \u00e7ekti.<\/p>\n\n\n\n<p class=\"has-text-color has-vivid-cyan-blue-color\">M\u00fclteciler Meselesi Siyasi kart\nOlarak Kullan\u0131l\u0131yor<\/p>\n\n\n\n<p>Suriyeli m\u00fclteciler meselesinin\nter\u00f6r\u00fc destekleyen devletlerde yetkililerin f\u0131rsat kulland\u0131klar\u0131 bir yolsuzluk\nkayna\u011f\u0131 oldu\u011funu ifade eden el Esad; Suriyelilerin vatanlar\u0131na d\u00f6nmelerinin bu\ndevletlerin yetkililerini siyasi ve maddi kazan\u00e7tan mahrum edece\u011fini s\u00f6yledi.<\/p>\n\n\n\n<p>Cumhurba\u015fkan\u0131 el Esad Suriyeli\nm\u00fclteciler meselesinin d\u0131\u015f g\u00fc\u00e7ler ve bir k\u0131s\u0131m devletler taraf\u0131ndan Suriye\ndevletine kar\u015f\u0131 bask\u0131 ve k\u0131nama arac\u0131 olarak kullan\u0131lma \u00e7abas\u0131ndan ibaret\noldu\u011funa dikkat \u00e7ekti.<\/p>\n\n\n\n<p>Ter\u00f6r\u00fc destekleyen ve edat olarak\nkullanan d\u0131\u015f g\u00fc\u00e7 ve devletlerin m\u00fclteciler meselesini siyasi kart olarak\nkulland\u0131\u011f\u0131na dikkat \u00e7eken el Esad; Suriye\u2019nin buna izin vermeyece\u011fini\nvurgulad\u0131.<\/p>\n\n\n\n<p>Cumhurba\u015fkan\u0131 el Esad ter\u00f6r\nnedeniyle vatandan tehcir edilen t\u00fcm Suriyelileri vatana ve evlerine\nd\u00f6nmelerine davet ederken, vatan\u0131n istisnas\u0131z t\u00fcm Suriyelilerin ortak vatan\u0131\noldu\u011funu belirtti.<\/p>\n\n\n\n<p class=\"has-text-color has-vivid-cyan-blue-color\">Hala D\u00fc\u015fmanlar\u0131n B\u00f6l\u00fcc\u00fc\nPlanlar\u0131n\u0131n Tuza\u011f\u0131na D\u00fc\u015fenler Var<\/p>\n\n\n\n<p>Suriyelilerin ulusal\nbilin\u00e7lerinin, hen\u00fcz bunu irdelemeyen d\u00fc\u015fmanlar\u0131n zehirli planlar\u0131n\u0131 suya\nd\u00fc\u015f\u00fcrd\u00fc\u011f\u00fcn\u00fc ifade eden el Esad; bir k\u0131s\u0131m insanlar\u0131n hala d\u00fc\u015fmanlar\u0131n\nhaz\u0131rlad\u0131klar\u0131 b\u00f6l\u00fcnme tuza\u011f\u0131na d\u00fc\u015ft\u00fcklerini s\u00f6yledi.<\/p>\n\n\n\n<p>Diyalogun mutlak bir gereklilik\noldu\u011funu belirten el Esad; fakat yap\u0131c\u0131 ve olumlu diyalog \u00f6nerileri ile b\u00f6l\u00fcc\u00fc\nve ay\u0131r\u0131mc\u0131 \u00f6neriler aras\u0131nda b\u00fcy\u00fck bir fark oldu\u011funu vurgulad\u0131. Cumhurba\u015fkan\u0131\nel Esad b\u00f6l\u00fcc\u00fc ve yap\u0131c\u0131 olmayan \u00f6neriler yerine birle\u015ftirici ve ortak \u015feylere\nodaklan\u0131lmas\u0131 gere\u011finin alt\u0131n\u0131 \u00e7izdi.<\/p>\n\n\n\n<p class=\"has-text-color has-vivid-cyan-blue-color\">Ele\u015ftiriler Ger\u00e7ek\u00e7i ve Yap\u0131c\u0131\nOlmal\u0131<\/p>\n\n\n\n<p>G\u00f6rev ve sorumluluklar\u0131n yerine\ngetirilmemesi halinde ele\u015ftirinin mutlak bir gereklilik oldu\u011funu vurgulayan el\nEsad; fakat bu ele\u015ftirilerin ger\u00e7ek\u00e7i, yap\u0131c\u0131 ve d\u00fcr\u00fcst olmas\u0131 \u00f6neminin alt\u0131n\u0131\n\u00e7izdi.<\/p>\n\n\n\n<p>El Esad diyalogun verimli olup\ntepkilere de\u011fil de ger\u00e7eklere dayal\u0131 olmas\u0131 gerekti\u011fini vurgularken; b\u00f6yle bir\ndiyalogun ger\u00e7ek sorun sahibi ile f\u0131rsat\u00e7\u0131lar aras\u0131nda fark ay\u0131rd\u0131\u011f\u0131n\u0131 ifade\netti.<\/p>\n\n\n\n<p>Sosyal payla\u015f\u0131m ara\u00e7lar\u0131n\u0131n\nSuriye\u2019deki durumlar\u0131n k\u00f6t\u00fcye gitmesine katk\u0131 sa\u011flad\u0131\u011f\u0131n\u0131 kaydeden el Esad; bu\nara\u00e7lar\u0131n edat olarak kullan\u0131ld\u0131\u011f\u0131n\u0131 s\u00f6yledi.<\/p>\n\n\n\n<p class=\"has-text-color has-vivid-cyan-blue-color\">D\u00f6rt \u00c7e\u015fit Sava\u015fla Kar\u015f\u0131\nKar\u015f\u0131yay\u0131z<\/p>\n\n\n\n<p>Cumhurba\u015fkan\u0131 el Esad Suriye\u2019nin\nkat\u0131 ve zalim yapt\u0131r\u0131m ve ku\u015fatmaya maruz kald\u0131\u011f\u0131n\u0131n herkes taraf\u0131ndan\nbilindi\u011fini ifade ederken; herkesin bu durum kar\u015f\u0131s\u0131nda olumlu ve i\u015fbirli\u011fi\ni\u00e7inde olmas\u0131 gerekti\u011fini belirtti.<\/p>\n\n\n\n<p>Suriye ve halk\u0131n\u0131 hedef alan\nmuhtelif y\u00f6nl\u00fc sava\u015f\u0131n bitmedi\u011fini belirten el Esad; vatanda\u015f ve yetkililer\ndahil herkesin bunu bilmesi gerekti\u011fini kaydetti.<\/p>\n\n\n\n<p>El Esad Suriye ve Suriyelilerin\n\u00f6n\u00fcnde 4 sava\u015f bulundu\u011funa i\u015faret ederken, ilk sava\u015f\u0131n ter\u00f6rle m\u00fccadele, ikinci\nsava\u015f\u0131n ku\u015fatma ve yapt\u0131r\u0131mlarla m\u00fccadele, \u00fc\u00e7\u00fcnc\u00fc sava\u015f\u0131n internet ve\nger\u00e7ekleri \u00e7arp\u0131tmakla m\u00fccadele sava\u015f\u0131, d\u00f6rd\u00fcnc\u00fcs\u00fcn\u00fcn ise yolsuzlukla m\u00fccadele\nsava\u015f\u0131 oldu\u011funu belirtti.<\/p>\n\n\n\n<p>Son s\u00fcre\u00e7 i\u00e7inde mutfak gaz\u0131\ndahil ya\u015fanan krizlere i\u015faret eden el Esad; bunun nedeninin ilgili kurumlar ile\nvatanda\u015flar aras\u0131nda gereken \u015feffafiyetin olmamas\u0131 oldu\u011funu kaydetti.<\/p>\n\n\n\n<p class=\"has-text-color has-vivid-cyan-blue-color\">\u00d6n\u00fcm\u00fczdeki S\u00fcre\u00e7 Ciddi Bir\nTeyakkuz Gerektiriyor<\/p>\n\n\n\n<p>Cumhurba\u015fkan\u0131 el Esad; mevcut\ns\u00fcre\u00e7 i\u00e7inde ciddi bir teyakkuz i\u00e7inde olunmas\u0131 gere\u011fini ifade ederken; \u00e7\u00fcnk\u00fc\nter\u00f6ristleri edat olarak kullan\u0131p destekleyen d\u0131\u015f g\u00fc\u00e7lerin edatlar\u0131n\u0131n\nba\u015far\u0131s\u0131zl\u0131\u011f\u0131 ve yenilgileri ard\u0131ndan Suriye halk\u0131 i\u00e7inde kaos yaratmaya\n\u00e7al\u0131\u015facaklar\u0131na vurgu yapt\u0131.<\/p>\n\n\n\n<p class=\"has-text-color has-vivid-cyan-blue-color\">Yapt\u0131r\u0131mlara Kar\u015f\u0131 Koyma\nSava\u015f\u0131yla Kar\u015f\u0131 Kar\u015f\u0131yay\u0131z<\/p>\n\n\n\n<p>Mevcut s\u00fcre\u00e7 i\u00e7inde meydan okumalar\u0131 ve zorluklara dikkat \u00e7eken el Esad; temel meydan okuman\u0131n yapt\u0131r\u0131mlar g\u00f6lgesinde vatanda\u015flar\u0131n temel gereksinimlerini temin etmek oldu\u011funu belirtti.<\/p>\n\n\n\n<div class=\"wp-block-image\"><figure class=\"alignright is-resized\"><a href=\"https:\/\/www.sana.sy\/tr\/wp-content\/uploads\/2019\/02\/96.jpg\"><img loading=\"lazy\" decoding=\"async\" src=\"https:\/\/sana.sy\/tr\/wp-content\/uploads\/2019\/02\/96-1024x632.jpg\" alt=\"\" class=\"wp-image-174890\" width=\"371\" height=\"228\" srcset=\"https:\/\/archive.sana.sy\/tr\/wp-content\/uploads\/2019\/02\/96-1024x632.jpg 1024w, https:\/\/archive.sana.sy\/tr\/wp-content\/uploads\/2019\/02\/96-150x93.jpg 150w, https:\/\/archive.sana.sy\/tr\/wp-content\/uploads\/2019\/02\/96-300x185.jpg 300w, https:\/\/archive.sana.sy\/tr\/wp-content\/uploads\/2019\/02\/96-768x474.jpg 768w, https:\/\/archive.sana.sy\/tr\/wp-content\/uploads\/2019\/02\/96.jpg 1280w\" sizes=\"auto, (max-width: 371px) 100vw, 371px\" \/><\/a><\/figure><\/div>\n\n\n\n<p>El Esad yapt\u0131r\u0131m ve ku\u015fatma\nsava\u015f\u0131n\u0131n mevcut ger\u00e7ek bir sava\u015f oldu\u011funu ifade ederken; askeri sava\u015flar gibi\nvur ka\u00e7 sava\u015f\u0131 niteli\u011finde oldu\u011funu s\u00f6yledi.<\/p>\n\n\n\n<p>S\u00f6zlerine devam eden el Esad\nsorun sahibinin bo\u015f ve kuru s\u00f6zlere ihtiyac\u0131 olmad\u0131\u011f\u0131n\u0131, as\u0131l ihtiyac\u0131n\u0131n\nsorunlar\u0131na ve ac\u0131lar\u0131na son verecek pratik \u00e7\u00f6z\u00fcmler oldu\u011funun alt\u0131n\u0131 \u00e7izdi.<\/p>\n\n\n\n<p class=\"has-text-color has-vivid-cyan-blue-color\">Meclislerin Bu Ba\u011flamda \u00d6nemli\nRolleri Var<\/p>\n\n\n\n<p>Bir devletin ne derecede d\u00fcr\u00fcst,\nnezih ve g\u00fc\u00e7l\u00fc olup kusursuz bir anayasaya sahip olsa da yurdun her noktas\u0131n\u0131n\nmerkezi olarak d\u00fczg\u00fcn \u015fekilde idare edilmesinin m\u00fcmk\u00fcn olmad\u0131\u011f\u0131n\u0131 ifade eden el\nEsad; dolay\u0131s\u0131yla yerel meclislerin bu ba\u011flamda \u00f6nemli bir rol\u00fc oldu\u011funun\nalt\u0131n\u0131 \u00e7izdi.<\/p>\n\n\n\n<p>Suriye\u2019nin g\u00fczel ve g\u00fc\u00e7l\u00fc\nkanunlar\u0131 oldu\u011funa dikkat \u00e7eken el Esad; fakat kriter ve mekanizmalar\u0131n zay\u0131f\noldu\u011funu s\u00f6yledi. El Esad g\u00fc\u00e7l\u00fc mekanizma ve kriterler olmadan sorunlar\u0131 do\u011fru\nve etkin bir \u015fekilde \u00e7\u00f6zmenin zor oldu\u011funu ifade etti.<\/p>\n\n\n\n<p>Ac\u0131lar\u0131n hak ve hukuklar\u0131 aray\u0131p\nu\u011fruna m\u00fccadele etme gerek\u00e7esi oldu\u011funu ifade eden el Esad; fakat ger\u00e7e\u011fe zul\u00fcm\netme gerek\u00e7esi olmamas\u0131 gerekti\u011fini s\u00f6yledi. El Esad ger\u00e7e\u011fin de Suriye ve\nhalk\u0131n\u0131 hedef alan sava\u015f, ter\u00f6r ve yapt\u0131r\u0131mlar\u0131n mevcut oldu\u011fundan ibaret\noldu\u011funa dikkat \u00e7ekti.<\/p>\n\n\n\n<p class=\"has-text-color has-vivid-cyan-blue-color\">As\u0131l B\u00fcy\u00fck Zorluk \u0130deolojileri\nYap\u0131land\u0131rmakt\u0131r<\/p>\n\n\n\n<p>Cumhurba\u015fkan\u0131 el Esad \u00f6n\u00fcm\u00fczdeki\ns\u00fcre\u00e7 i\u00e7inde en b\u00fcy\u00fck zorlu\u011fun altyap\u0131 ve hizmet kurumlar\u0131n\u0131 yeniden\nyap\u0131land\u0131rmak de\u011fil de; insanlar\u0131n ak\u0131llar\u0131n\u0131 ve psikolojilerini rehabilite\nedip yap\u0131land\u0131rmak oldu\u011funu ifade etti.<\/p>\n\n\n\n<p>Suriye ve halk\u0131n\u0131n d\u00fc\u015fmanlar\u0131n\u0131n\nbu sava\u015f\u0131n ba\u015f\u0131ndan beri y\u0131k\u0131lm\u0131\u015f bir altyap\u0131 b\u0131rakacaklar\u0131n\u0131 ve Suriyelilerin\nbu altyap\u0131y\u0131 yeniden yap\u0131land\u0131rabileceklerini bildiklerine i\u015faret eden el Esad;\nfakat as\u0131l \u00f6nemli olan ideolojik yap\u0131y\u0131 yap\u0131land\u0131rmak oldu\u011funu belirtti. El\nEsad bu meselede de kesinlikle ba\u015far\u0131s\u0131z olunmamas\u0131 gerekti\u011finin alt\u0131n\u0131 \u00e7izdi.<\/p>\n\n\n\n<p class=\"has-text-color has-vivid-cyan-blue-color\">Sadece Suriyeliler Taraf\u0131ndan\nBelirlenecek<\/p>\n\n\n\n<p>Cumhurba\u015fkan\u0131 el Esad metin bir\ntoplum ve g\u00fc\u00e7l\u00fc bir devlet yap\u0131s\u0131n\u0131n ilke ve de\u011ferlere tutunmay\u0131 peki\u015ftirdi\u011fini\nifade ederken; Suriye ve Suriyelilerin gelece\u011finin sadece ve sadece Suriyeliler\ntaraf\u0131ndan belirlenece\u011finin alt\u0131n\u0131 \u00e7izdi.<\/p>\n\n\n\n<p>Devletin egemenli\u011fi ve\nb\u00fct\u00fcnl\u00fc\u011f\u00fcn\u00fcn kutsal bir \u015fey oldu\u011funa vurgu yapan el Esad; d\u0131\u015f sald\u0131r\u0131lar ve\nter\u00f6ristler taraf\u0131ndan ihlal edilmesinin egemenli\u011fin cevheri olan ulusal\nba\u011f\u0131ms\u0131z karardan vazge\u00e7mek anlam\u0131na gelmedi\u011fini belirtti.<\/p>\n\n\n\n<p class=\"has-text-color has-vivid-cyan-blue-color\">Anayasa Pazarl\u0131k Konusu Olamaz<\/p>\n\n\n\n<p>Cumhurba\u015fkan\u0131 el Esad Suriye\nanayasas\u0131n\u0131n kesinlikle pazarl\u0131k konusu olmayaca\u011f\u0131n\u0131 vurgularken; Suriye\nd\u00fc\u015fmanlar\u0131n\u0131n Suriye vatanda\u015fl\u0131\u011f\u0131na sahip edatlar\u0131 ve i\u015fbirlik\u00e7ileri arac\u0131l\u0131\u011f\u0131\nile hedeflerine ula\u015fmalar\u0131na kesinlikle izin verilmeyece\u011fini ifade etti.<\/p>\n\n\n\n<p>Suriye ve halk\u0131na d\u00fc\u015fman\ndevletlerin hala \u00e7\u00f6z\u00fcm \u00e7abalar\u0131n\u0131 engellemeye \u0131srarl\u0131 olduklar\u0131n\u0131 ifade eden el\nEsad; \u00f6zellikle So\u00e7i ve Astana gibi ciddi s\u00fcre\u00e7leri sabote etmek i\u00e7in\nellerinden gelen her gayreti g\u00f6stermekte olduklar\u0131n\u0131 s\u00f6yledi.<\/p>\n\n\n\n<p class=\"has-text-color has-vivid-cyan-blue-color\">Misaka Uygunsa Memnuniyetle\nKar\u015f\u0131lar\u0131z<\/p>\n\n\n\n<p>Birle\u015fmi\u015f Milletlerin rol\u00fc\nkonusunda ise el Esad; bu rol\u00fcn BM misak\u0131 kapsam\u0131nda olmas\u0131 halinde\nmemnuniyetle kar\u015f\u0131land\u0131\u011f\u0131n\u0131 belirtti.<\/p>\n\n\n\n<p>Yurtsever ulusalc\u0131 bir taraf ile\nd\u00fc\u015fmanlarla i\u015fbirli\u011fi yapanlar aras\u0131nda diyalogun olmayaca\u011f\u0131n\u0131 belirten el\nEsad; vatan\u0131 koruyan \u015feyin Suriye halk\u0131n\u0131n m\u00fccadelesi ve orduyla omuz omuza\nvermesi oldu\u011funun alt\u0131n\u0131 \u00e7izdi<\/p>\n\n\n\n<p class=\"has-text-color has-vivid-cyan-blue-color\">Edatlar\u0131 Ter\u00f6r\u00fcn Hezimetinden\nSonra T\u00fcrkiye Rol\u00fc Ba\u015fl\u0131yor<\/p>\n\n\n\n<p>Suriye ve halk\u0131na kar\u015f\u0131 komplo\nhaz\u0131rlayanlar edat olarak kulland\u0131klar\u0131 ter\u00f6rde ba\u015far\u0131s\u0131z kald\u0131klar\u0131n\u0131 belirten\nel Esad; bunun ard\u0131ndan da Suriye\u2019nin kuzeyinde ta\u015feron olarak T\u00fcrkiye rejimi\nrol\u00fcn\u00fc etkinle\u015ftirmeye ge\u00e7tiklerini s\u00f6yledi.<\/p>\n\n\n\n<p>Suriye\u2019nin istisnas\u0131z her kar\u0131\u015f\ntopra\u011f\u0131n\u0131n ter\u00f6r ve destek\u00e7ilerinden kurtar\u0131laca\u011f\u0131n\u0131 vurgulayan el Esad;\ndevletin izin ve onay\u0131 olmaks\u0131z\u0131n Suriye\u2019ye giren istisnas\u0131z t\u00fcm g\u00fc\u00e7lerin\nd\u00fc\u015fman i\u015fgalci g\u00fc\u00e7 say\u0131ld\u0131\u011f\u0131n\u0131n alt\u0131n\u0131 \u00e7izdi.<\/p>\n\n\n\n<p class=\"has-text-color has-vivid-cyan-blue-color\">ABD Sizi Satacak<\/p>\n\n\n\n<p>ABD\u2019nin destekleyip edat olarak\nkulland\u0131\u011f\u0131 gruplara seslenen El Esad; \u201cABD sizleri kesinlikle korumayacak ve\ndaha sonra sizleri pazarl\u0131k edat\u0131 olarak kullanacak. Sizleri ancak ve ancak\nSuriye ordusu savunabilir\u2026\u201d ifadesini kulland\u0131.<\/p>\n\n\n\n<p>Cumhurba\u015fkan\u0131 el Esad t\u00fcm\nSuriyelilerin ayn\u0131 hendekte olup namlular\u0131n\u0131 birlik beraberlik i\u00e7inde d\u00fc\u015fmana\ny\u00f6nelmeleri halinde hi\u00e7bir tehdidin onlar\u0131 korkutamayaca\u011f\u0131n\u0131 ifade etti.<\/p>\n\n\n\n<p class=\"has-text-color has-vivid-cyan-blue-color\">Ac\u0131lar\u0131 Ancak Bu \u015eekilde Telafi\nEderiz<\/p>\n\n\n\n<p>Suriye ve halk\u0131n\u0131n bunca y\u0131ld\u0131r verdi\u011fi kay\u0131plar, ya\u015fad\u0131\u011f\u0131 ac\u0131lar ve h\u00fcz\u00fcnlere i\u015faret eden el Esad; bunun ancak ordunun \u015fanl\u0131 zaferleri ve \u015fehitlerimizin kanlar\u0131n\u0131n heder gitmesine izin vermemekle m\u00fcmk\u00fcn olabilece\u011fini s\u00f6yledi.<\/p>\n\n\n\n<div class=\"wp-block-image\"><figure class=\"alignright is-resized\"><a href=\"https:\/\/www.sana.sy\/tr\/wp-content\/uploads\/2019\/02\/95-2.jpg\"><img loading=\"lazy\" decoding=\"async\" src=\"http:\/\/sana.sy\/tr\/wp-content\/uploads\/2019\/02\/95-2-1024x632.jpg\" alt=\"\" class=\"wp-image-174891\" width=\"368\" height=\"226\" srcset=\"https:\/\/archive.sana.sy\/tr\/wp-content\/uploads\/2019\/02\/95-2-1024x632.jpg 1024w, https:\/\/archive.sana.sy\/tr\/wp-content\/uploads\/2019\/02\/95-2-150x93.jpg 150w, https:\/\/archive.sana.sy\/tr\/wp-content\/uploads\/2019\/02\/95-2-300x185.jpg 300w, https:\/\/archive.sana.sy\/tr\/wp-content\/uploads\/2019\/02\/95-2-768x474.jpg 768w, https:\/\/archive.sana.sy\/tr\/wp-content\/uploads\/2019\/02\/95-2.jpg 1280w\" sizes=\"auto, (max-width: 368px) 100vw, 368px\" \/><\/a><\/figure><\/div>\n\n\n\n<p>Cumhurba\u015fkan\u0131 el Esad Suriye\u2019nin\nka\u00e7\u0131r\u0131lan ve rehine tutulan vatanda\u015flar\u0131n\u0131 unutmas\u0131n\u0131n m\u00fcmk\u00fcn olmad\u0131\u011f\u0131n\u0131\nvurgularken; y\u00fczlercesinin kurtar\u0131lmas\u0131 ard\u0131ndan geri kalanlar\u0131n\u0131n da\nkurtar\u0131lmas\u0131 i\u00e7in gereken her gayretin g\u00f6sterilece\u011fini belirtti.<\/p>\n\n\n\n<p>Vatanda\u015flar\u0131n g\u00fcvenini kazanma\ngere\u011finin alt\u0131n\u0131 \u00e7izen el Esad; belediye meclislerinin etkinli\u011fi ve \u00e7al\u0131\u015fmalar\u0131\nkonusunda onu ikna etme \u00f6nemini ifade etti.<\/p>\n\n\n\n<p class=\"has-text-color has-vivid-cyan-blue-color\">\u015eehitlerimize Gereken Her Destek Sa\u011flanacakt\u0131r<\/p>\n\n\n\n<p>\u015eehit aileleri ve yaral\u0131 gaziler\nkonusunda ise el Esad; devletin bu kahramanlara gereken deste\u011fi sa\u011flamas\u0131n\u0131n\nkutsal bir g\u00f6rev oldu\u011funu belirtti. El Esad bu mevzuda devletin yan\u0131 s\u0131ra t\u00fcm\nvatanda\u015flar ve sivil toplum kurumlar\u0131na rol ve sorumluluk d\u00fc\u015ft\u00fc\u011f\u00fcn\u00fc ifade etti.<\/p>\n\n\n\n<p>Cumhurba\u015fkan\u0131 el Esad istikrar ve g\u00fcvenli\u011fin tam\nolarak sa\u011flanmas\u0131 i\u00e7in muhtelif \u015fekilleri, adlar\u0131 ve y\u00f6ntemleriyle ter\u00f6r\u00fcn\ntamamen yok edilmesi gerekti\u011fini belirtti.<\/p>\n\n\n\n<p class=\"has-text-color has-vivid-cyan-blue-color\">Erdo\u011fan ABD\u2019nin U\u015fa\u011f\u0131d\u0131r<\/p>\n\n\n\n<p>T\u00fcrkiye rejimi ba\u015fkan\u0131 Recep Tayyip Erdo\u011fan\u2019\u0131n kendisini olaylar\u0131n seyrinde etkin olarak g\u00f6stermeye \u00e7al\u0131\u015ft\u0131\u011f\u0131na dikkat \u00e7eken el Esad; asl\u0131nda Erdo\u011fan\u2019\u0131n sadece ABD\u2019nin k\u00fc\u00e7\u00fck bir u\u015fa\u011f\u0131 oldu\u011funu ifade etti.<\/p>\n\n\n\n<p> <\/p>\n\n\n\n<p>El Esad Erdo\u011fan\u2019\u0131n tehditler savurma ya da sabr\u0131n\u0131n ta\u015ft\u0131\u011f\u0131n\u0131 s\u00f6ylemesine i\u015faret eden el Esad; ihvanc\u0131 Erdo\u011fan\u2019\u0131n temin etmeye \u00e7al\u0131\u015ft\u0131\u011f\u0131 \u201cg\u00fcvenli b\u00f6lgenin\u201d Suriye ve halk\u0131na kar\u015f\u0131 sava\u015f\u0131n ilk y\u0131l\u0131ndan beri kurmay \u00e7al\u0131\u015ft\u0131\u011f\u0131 b\u00f6lgenin ayn\u0131s\u0131 oldu\u011funu s\u00f6yledi. Erdo\u011fan\u2019\u0131n asl\u0131nda Suriye&#8217;nin kuzeyi ve do\u011fusuna girmek i\u00e7in ABD\u2019den yard\u0131m ve izin almak istedi\u011fini belirten el Esad; fakat daha \u00f6nce ABD\u2019nin ter\u00f6r\u00fc edat olarak kullanmas\u0131yla T\u00fcrkiye rol\u00fcn\u00fcn hen\u00fcz zaman\u0131 gelmedi\u011fi i\u00e7in izin vermedi\u011fini kaydetti. <\/p>\n\n\n\n<div class=\"wp-block-image\"><figure class=\"alignright is-resized\"><a href=\"https:\/\/www.sana.sy\/tr\/wp-content\/uploads\/2019\/02\/94-2.jpg\"><img loading=\"lazy\" decoding=\"async\" src=\"https:\/\/sana.sy\/tr\/wp-content\/uploads\/2019\/02\/94-2-1024x599.jpg\" alt=\"\" class=\"wp-image-174892\" width=\"377\" height=\"220\" srcset=\"https:\/\/archive.sana.sy\/tr\/wp-content\/uploads\/2019\/02\/94-2-1024x599.jpg 1024w, https:\/\/archive.sana.sy\/tr\/wp-content\/uploads\/2019\/02\/94-2-150x88.jpg 150w, https:\/\/archive.sana.sy\/tr\/wp-content\/uploads\/2019\/02\/94-2-300x176.jpg 300w, https:\/\/archive.sana.sy\/tr\/wp-content\/uploads\/2019\/02\/94-2-768x449.jpg 768w, https:\/\/archive.sana.sy\/tr\/wp-content\/uploads\/2019\/02\/94-2.jpg 1280w\" sizes=\"auto, (max-width: 377px) 100vw, 377px\" \/><\/a><\/figure><\/div>\n\n\n\n<p>El Esad\nfakat Suriye&#8217;de bir\u00e7ok b\u00f6lgenin kurtar\u0131lmas\u0131 ard\u0131ndan durumlar\u0131n ABD ve\nm\u00fcttefikleri a\u00e7\u0131s\u0131ndan k\u00f6t\u00fc say\u0131ld\u0131\u011f\u0131n\u0131 kaydetti. Bunun \u00fczerine T\u00fcrkiye&#8217;nin\nrol\u00fcn\u00fc etkinle\u015ftirme gere\u011fi duyduklar\u0131n\u0131 s\u00f6yleyen el Esad; bunun i\u00e7inde hen\u00fcz\nter\u00f6rden kurtar\u0131lmayan \u0130dlib\u2019in yan\u0131 s\u0131ra ABD hesab\u0131na faaliyet g\u00f6steren\nsilahl\u0131 gruplar\u0131n bulundu\u011fu b\u00f6lgeler kald\u0131\u011f\u0131n\u0131 s\u00f6zlerine ekledi. <\/p>\n\n\n\n<p>El Esad her \u015feye ra\u011fmen Suriye&#8217;nin her kar\u0131\u015f topra\u011f\u0131n\u0131n ter\u00f6r ve d\u0131\u015f g\u00fc\u00e7lerden ar\u0131nd\u0131r\u0131laca\u011f\u0131n\u0131, Suriye&#8217;nin izin ve onay\u0131 olmaks\u0131z\u0131n bulunan herhangi bir yabanc\u0131 g\u00fcc\u00fcn de d\u00fc\u015fman g\u00fc\u00e7 say\u0131laca\u011f\u0131n\u0131 vurgulad\u0131. Bu meselenin ne politik tutum ya da devlet g\u00f6r\u00fc\u015f\u00fc olmad\u0131\u011f\u0131n\u0131 ifade eden el Esad; tart\u0131\u015fmaya kabil olmayan bir ulusal vizyon oldu\u011funu vurgulad\u0131.<\/p>\n\n\n\n<figure class=\"wp-block-embed-youtube wp-block-embed is-type-video is-provider-youtube wp-embed-aspect-4-3 wp-has-aspect-ratio\"><div class=\"wp-block-embed__wrapper\">\n<iframe loading=\"lazy\" title=\"\u0643\u0644\u0645\u0629 \u0627\u0644\u0631\u0626\u064a\u0633 \u0627\u0644\u0623\u0633\u062f \u062e\u0644\u0627\u0644 \u0627\u0633\u062a\u0642\u0628\u0627\u0644\u0647 \u0631\u0624\u0633\u0627\u0621 \u0627\u0644\u0645\u062c\u0627\u0644\u0633 \u0627\u0644\u0645\u062d\u0644\u064a\u0629 \u0645\u0646 \u062c\u0645\u064a\u0639 \u0627\u0644\u0645\u062d\u0627\u0641\u0638\u0627\u062a \u0627\u0644\u0633\u0648\u0631\u064a\u0629\" width=\"618\" height=\"464\" src=\"https:\/\/www.youtube.com\/embed\/yuqLIvcZ05Y?feature=oembed\" frameborder=\"0\" allow=\"accelerometer; autoplay; clipboard-write; encrypted-media; gyroscope; picture-in-picture; web-share\" referrerpolicy=\"strict-origin-when-cross-origin\" allowfullscreen><\/iframe>\n<\/div><\/figure>\n","protected":false},"excerpt":{"rendered":"<p>\u015eAM \u2013 Cumhurba\u015fkan\u0131 Be\u015f\u015far el Esad bug\u00fcn t\u00fcm illerden belediye ba\u015fkanlar\u0131yla bulu\u015fmas\u0131nda yerel se\u00e7imlerin kararla\u015ft\u0131r\u0131lan tarihte yap\u0131lmalar\u0131n\u0131n, Suriye halk\u0131 ve devletinin g\u00fcc\u00fcn\u00fc kan\u0131tlad\u0131\u011f\u0131n\u0131 belirtti. Bu Devletin G\u00fcc\u00fcn\u00fc Kan\u0131tl\u0131yor Cumhurba\u015fkan\u0131 el Esad yerel se\u00e7imlerin belirlenen tarihte anayasa ve kanunlara uygun \u015fekilde yap\u0131lmalar\u0131n\u0131n, Suriye devletinin g\u00f6rev ve sorumluluklar\u0131n\u0131 yerine getirme g\u00fcc\u00fcne sahip olmayan ba\u015far\u0131s\u0131z bir devlet olmas\u0131na &hellip;<\/p>\n","protected":false},"author":1,"featured_media":174911,"comment_status":"closed","ping_status":"closed","sticky":false,"template":"","format":"standard","meta":{"footnotes":""},"categories":[479,609,605,478],"tags":[],"class_list":["post-174824","post","type-post","status-publish","format-standard","has-post-thumbnail","","category-haberler-yerel","category-konusmalar","category-sayin-cumhurbaskani","category-yerel"],"_links":{"self":[{"href":"https:\/\/archive.sana.sy\/tr\/index.php?rest_route=\/wp\/v2\/posts\/174824","targetHints":{"allow":["GET"]}}],"collection":[{"href":"https:\/\/archive.sana.sy\/tr\/index.php?rest_route=\/wp\/v2\/posts"}],"about":[{"href":"https:\/\/archive.sana.sy\/tr\/index.php?rest_route=\/wp\/v2\/types\/post"}],"author":[{"embeddable":true,"href":"https:\/\/archive.sana.sy\/tr\/index.php?rest_route=\/wp\/v2\/users\/1"}],"replies":[{"embeddable":true,"href":"https:\/\/archive.sana.sy\/tr\/index.php?rest_route=%2Fwp%2Fv2%2Fcomments&post=174824"}],"version-history":[{"count":0,"href":"https:\/\/archive.sana.sy\/tr\/index.php?rest_route=\/wp\/v2\/posts\/174824\/revisions"}],"wp:featuredmedia":[{"embeddable":true,"href":"https:\/\/archive.sana.sy\/tr\/index.php?rest_route=\/wp\/v2\/media\/174911"}],"wp:attachment":[{"href":"https:\/\/archive.sana.sy\/tr\/index.php?rest_route=%2Fwp%2Fv2%2Fmedia&parent=174824"}],"wp:term":[{"taxonomy":"category","embeddable":true,"href":"https:\/\/archive.sana.sy\/tr\/index.php?rest_route=%2Fwp%2Fv2%2Fcategories&post=174824"},{"taxonomy":"post_tag","embeddable":true,"href":"https:\/\/archive.sana.sy\/tr\/index.php?rest_route=%2Fwp%2Fv2%2Ftags&post=174824"}],"curies":[{"name":"wp","href":"https:\/\/api.w.org\/{rel}","templated":true}]}}