{"id":174827,"date":"2019-02-17T13:36:11","date_gmt":"2019-02-17T11:36:11","guid":{"rendered":"http:\/\/www.sana.sy\/tr\/?p=174827"},"modified":"2019-02-17T13:38:28","modified_gmt":"2019-02-17T11:38:28","slug":"cumhurbaskani-el-esad-yanlis-yoldan-donmenin-yegane-yolunun-yerel-uzlasmalara-katilmak-ve-silahlari-devlete-teslim-etmek-oldugunun-altini-cizdi","status":"publish","type":"post","link":"https:\/\/archive.sana.sy\/tr\/?p=174827","title":{"rendered":"Cumhurba\u015fkan\u0131 el Esad yanl\u0131\u015f yoldan d\u00f6nmenin yegane yolunun yerel uzla\u015fmalara kat\u0131lmak ve silahlar\u0131 devlete teslim etmek oldu\u011funun alt\u0131n\u0131 \u00e7izdi."},"content":{"rendered":"\n<p>Cumhurba\u015fkan\u0131 el Esad yanl\u0131\u015f yoldan d\u00f6nmenin yegane yolunun yerel uzla\u015fmalara kat\u0131lmak ve silahlar\u0131 devlete teslim etmek oldu\u011funun alt\u0131n\u0131 \u00e7izdi.<\/p>\n","protected":false},"excerpt":{"rendered":"<p>Cumhurba\u015fkan\u0131 el Esad yanl\u0131\u015f yoldan d\u00f6nmenin yegane yolunun yerel uzla\u015fmalara kat\u0131lmak ve silahlar\u0131 devlete teslim etmek oldu\u011funun alt\u0131n\u0131 \u00e7izdi.<\/p>\n","protected":false},"author":1,"featured_media":0,"comment_status":"closed","ping_status":"closed","sticky":false,"template":"","format":"standard","meta":{"footnotes":""},"categories":[17991],"tags":[],"class_list":["post-174827","post","type-post","status-publish","format-standard","","category-son-dakika"],"_links":{"self":[{"href":"https:\/\/archive.sana.sy\/tr\/index.php?rest_route=\/wp\/v2\/posts\/174827","targetHints":{"allow":["GET"]}}],"collection":[{"href":"https:\/\/archive.sana.sy\/tr\/index.php?rest_route=\/wp\/v2\/posts"}],"about":[{"href":"https:\/\/archive.sana.sy\/tr\/index.php?rest_route=\/wp\/v2\/types\/post"}],"author":[{"embeddable":true,"href":"https:\/\/archive.sana.sy\/tr\/index.php?rest_route=\/wp\/v2\/users\/1"}],"replies":[{"embeddable":true,"href":"https:\/\/archive.sana.sy\/tr\/index.php?rest_route=%2Fwp%2Fv2%2Fcomments&post=174827"}],"version-history":[{"count":0,"href":"https:\/\/archive.sana.sy\/tr\/index.php?rest_route=\/wp\/v2\/posts\/174827\/revisions"}],"wp:attachment":[{"href":"https:\/\/archive.sana.sy\/tr\/index.php?rest_route=%2Fwp%2Fv2%2Fmedia&parent=174827"}],"wp:term":[{"taxonomy":"category","embeddable":true,"href":"https:\/\/archive.sana.sy\/tr\/index.php?rest_route=%2Fwp%2Fv2%2Fcategories&post=174827"},{"taxonomy":"post_tag","embeddable":true,"href":"https:\/\/archive.sana.sy\/tr\/index.php?rest_route=%2Fwp%2Fv2%2Ftags&post=174827"}],"curies":[{"name":"wp","href":"https:\/\/api.w.org\/{rel}","templated":true}]}}