{"id":174860,"date":"2019-02-17T16:06:58","date_gmt":"2019-02-17T14:06:58","guid":{"rendered":"http:\/\/www.sana.sy\/tr\/?p=174860"},"modified":"2019-02-18T14:11:58","modified_gmt":"2019-02-18T12:11:58","slug":"ucuncu-yilinda-basariyla-devam-ediyor","status":"publish","type":"post","link":"https:\/\/archive.sana.sy\/tr\/?p=174860","title":{"rendered":"\u00dc\u00e7\u00fcnc\u00fc Y\u0131l\u0131nda Ba\u015far\u0131yla Devam Ediyor"},"content":{"rendered":"\n<p>DERA \u2013 Fakl\u0131 illerde oldu\u011fu gibi yakla\u015f\u0131k \u00fc\u00e7 y\u0131l \u00f6nce Dera \u0130linde kurulan \u00e7ocuk parlamentosu \u00fc\u00e7\u00fcnc\u00fc y\u0131l\u0131nda \u00e7al\u0131\u015fmalar\u0131n\u0131 dikkat \u00e7ekici bir ba\u015far\u0131yla s\u00fcrd\u00fcr\u00fcyor. <\/p>\n\n\n\n<div class=\"wp-block-image\"><figure class=\"alignright\"><a href=\"https:\/\/www.sana.sy\/tr\/wp-content\/uploads\/2019\/02\/DSC_3347.jpg\"><img loading=\"lazy\" decoding=\"async\" width=\"300\" height=\"200\" src=\"https:\/\/www.sana.sy\/tr\/wp-content\/uploads\/2019\/02\/DSC_3347-300x200.jpg\" alt=\"\" class=\"wp-image-174866\" srcset=\"https:\/\/archive.sana.sy\/tr\/wp-content\/uploads\/2019\/02\/DSC_3347-300x200.jpg 300w, https:\/\/archive.sana.sy\/tr\/wp-content\/uploads\/2019\/02\/DSC_3347-150x100.jpg 150w, https:\/\/archive.sana.sy\/tr\/wp-content\/uploads\/2019\/02\/DSC_3347-768x511.jpg 768w, https:\/\/archive.sana.sy\/tr\/wp-content\/uploads\/2019\/02\/DSC_3347-1024x682.jpg 1024w\" sizes=\"auto, (max-width: 300px) 100vw, 300px\" \/><\/a><\/figure><\/div>\n\n\n\n<p>Dera \u00c7ocuk Parlamentosu il genelinde ilk ve ortaokul \u00e7a\u011flar\u0131nda 200 \u00e7ocu\u011fun kat\u0131l\u0131m\u0131yla d\u00fczenledi\u011fi oturumda k\u00fc\u00e7\u00fck parlamenterler devlet yetkilileri kar\u015f\u0131s\u0131nda \u00fcst\u00fcn bir cesaretle durarak il genelinde genel sorunlar\u0131 sorgulad\u0131lar. <\/p>\n\n\n\n<p>\u00c7ocuk parlamenterler muhtelif alanlarda devlet yetkililerinden hizmetleri nitelik ve nicelik a\u00e7\u0131s\u0131ndan geli\u015ftirmelerini talep ederlerken, oturuma kat\u0131lan devlet yetkililerine ciddi ve \u00f6nemli sorular y\u00f6nelttiler. <\/p>\n\n\n\n<p>Oturumda \u00e7ocuk parlamenterler bulunduklar\u0131 k\u00fclt\u00fcrel, sosyal ve sanatsal faaliyetlerine ili\u015fkin de\u011ferlendirmelerde de bulundu. <\/p>\n\n\n\n<p>Dera \u00c7ocuk Parlamentosu 2016 y\u0131l\u0131nda il genelindeki t\u00fcm okullarda 10 ila 12 ya\u015f \u00e7ocuklar aras\u0131nda yap\u0131lan se\u00e7imlerle te\u015fkil edilmi\u015fti. <\/p>\n\n\n\n<ul class=\"wp-block-gallery columns-3 is-cropped wp-block-gallery-1 is-layout-flex wp-block-gallery-is-layout-flex\"><li class=\"blocks-gallery-item\"><figure><a href=\"https:\/\/www.sana.sy\/tr\/wp-content\/uploads\/2019\/02\/DSC_3331-1024x682.jpg\"><img loading=\"lazy\" decoding=\"async\" width=\"1024\" height=\"682\" src=\"https:\/\/www.sana.sy\/tr\/wp-content\/uploads\/2019\/02\/DSC_3331-1024x682.jpg\" alt=\"\" data-id=\"174862\" data-link=\"https:\/\/www.sana.sy\/tr\/?attachment_id=174862\" class=\"wp-image-174862\" srcset=\"https:\/\/archive.sana.sy\/tr\/wp-content\/uploads\/2019\/02\/DSC_3331-1024x682.jpg 1024w, https:\/\/archive.sana.sy\/tr\/wp-content\/uploads\/2019\/02\/DSC_3331-150x100.jpg 150w, https:\/\/archive.sana.sy\/tr\/wp-content\/uploads\/2019\/02\/DSC_3331-300x200.jpg 300w, https:\/\/archive.sana.sy\/tr\/wp-content\/uploads\/2019\/02\/DSC_3331-768x511.jpg 768w, https:\/\/archive.sana.sy\/tr\/wp-content\/uploads\/2019\/02\/DSC_3331-310x205.jpg 310w\" sizes=\"auto, (max-width: 1024px) 100vw, 1024px\" \/><\/a><\/figure><\/li><li class=\"blocks-gallery-item\"><figure><a href=\"https:\/\/www.sana.sy\/tr\/wp-content\/uploads\/2019\/02\/DSC_3334-1024x682.jpg\"><img loading=\"lazy\" decoding=\"async\" width=\"1024\" height=\"682\" src=\"https:\/\/www.sana.sy\/tr\/wp-content\/uploads\/2019\/02\/DSC_3334-1024x682.jpg\" alt=\"\" data-id=\"174863\" data-link=\"https:\/\/www.sana.sy\/tr\/?attachment_id=174863\" class=\"wp-image-174863\" srcset=\"https:\/\/archive.sana.sy\/tr\/wp-content\/uploads\/2019\/02\/DSC_3334-1024x682.jpg 1024w, https:\/\/archive.sana.sy\/tr\/wp-content\/uploads\/2019\/02\/DSC_3334-150x100.jpg 150w, https:\/\/archive.sana.sy\/tr\/wp-content\/uploads\/2019\/02\/DSC_3334-300x200.jpg 300w, https:\/\/archive.sana.sy\/tr\/wp-content\/uploads\/2019\/02\/DSC_3334-768x511.jpg 768w, https:\/\/archive.sana.sy\/tr\/wp-content\/uploads\/2019\/02\/DSC_3334-310x205.jpg 310w\" sizes=\"auto, (max-width: 1024px) 100vw, 1024px\" \/><\/a><\/figure><\/li><li class=\"blocks-gallery-item\"><figure><a href=\"https:\/\/www.sana.sy\/tr\/wp-content\/uploads\/2019\/02\/DSC_3339-1024x682.jpg\"><img loading=\"lazy\" decoding=\"async\" width=\"1024\" height=\"682\" src=\"https:\/\/www.sana.sy\/tr\/wp-content\/uploads\/2019\/02\/DSC_3339-1024x682.jpg\" alt=\"\" data-id=\"174864\" data-link=\"https:\/\/www.sana.sy\/tr\/?attachment_id=174864\" class=\"wp-image-174864\" srcset=\"https:\/\/archive.sana.sy\/tr\/wp-content\/uploads\/2019\/02\/DSC_3339-1024x682.jpg 1024w, https:\/\/archive.sana.sy\/tr\/wp-content\/uploads\/2019\/02\/DSC_3339-150x100.jpg 150w, https:\/\/archive.sana.sy\/tr\/wp-content\/uploads\/2019\/02\/DSC_3339-300x200.jpg 300w, https:\/\/archive.sana.sy\/tr\/wp-content\/uploads\/2019\/02\/DSC_3339-768x511.jpg 768w, https:\/\/archive.sana.sy\/tr\/wp-content\/uploads\/2019\/02\/DSC_3339-310x205.jpg 310w\" sizes=\"auto, (max-width: 1024px) 100vw, 1024px\" \/><\/a><\/figure><\/li><li class=\"blocks-gallery-item\"><figure><a href=\"https:\/\/www.sana.sy\/tr\/wp-content\/uploads\/2019\/02\/DSC_3340-1024x682.jpg\"><img loading=\"lazy\" decoding=\"async\" width=\"1024\" height=\"682\" src=\"https:\/\/www.sana.sy\/tr\/wp-content\/uploads\/2019\/02\/DSC_3340-1024x682.jpg\" alt=\"\" data-id=\"174865\" data-link=\"https:\/\/www.sana.sy\/tr\/?attachment_id=174865\" class=\"wp-image-174865\" srcset=\"https:\/\/archive.sana.sy\/tr\/wp-content\/uploads\/2019\/02\/DSC_3340-1024x682.jpg 1024w, https:\/\/archive.sana.sy\/tr\/wp-content\/uploads\/2019\/02\/DSC_3340-150x100.jpg 150w, https:\/\/archive.sana.sy\/tr\/wp-content\/uploads\/2019\/02\/DSC_3340-300x200.jpg 300w, https:\/\/archive.sana.sy\/tr\/wp-content\/uploads\/2019\/02\/DSC_3340-768x511.jpg 768w, https:\/\/archive.sana.sy\/tr\/wp-content\/uploads\/2019\/02\/DSC_3340-310x205.jpg 310w\" sizes=\"auto, (max-width: 1024px) 100vw, 1024px\" \/><\/a><\/figure><\/li><li class=\"blocks-gallery-item\"><figure><a href=\"https:\/\/www.sana.sy\/tr\/wp-content\/uploads\/2019\/02\/DSC_3368-1024x682.jpg\"><img loading=\"lazy\" decoding=\"async\" width=\"1024\" height=\"682\" src=\"https:\/\/www.sana.sy\/tr\/wp-content\/uploads\/2019\/02\/DSC_3368-1024x682.jpg\" alt=\"\" data-id=\"174867\" data-link=\"https:\/\/www.sana.sy\/tr\/?attachment_id=174867\" class=\"wp-image-174867\" srcset=\"https:\/\/archive.sana.sy\/tr\/wp-content\/uploads\/2019\/02\/DSC_3368-1024x682.jpg 1024w, https:\/\/archive.sana.sy\/tr\/wp-content\/uploads\/2019\/02\/DSC_3368-150x100.jpg 150w, https:\/\/archive.sana.sy\/tr\/wp-content\/uploads\/2019\/02\/DSC_3368-300x200.jpg 300w, https:\/\/archive.sana.sy\/tr\/wp-content\/uploads\/2019\/02\/DSC_3368-768x511.jpg 768w, https:\/\/archive.sana.sy\/tr\/wp-content\/uploads\/2019\/02\/DSC_3368-310x205.jpg 310w\" sizes=\"auto, (max-width: 1024px) 100vw, 1024px\" \/><\/a><\/figure><\/li><li class=\"blocks-gallery-item\"><figure><a href=\"https:\/\/www.sana.sy\/tr\/wp-content\/uploads\/2019\/02\/DSC_3377-1024x682.jpg\"><img loading=\"lazy\" decoding=\"async\" width=\"1024\" height=\"682\" src=\"https:\/\/www.sana.sy\/tr\/wp-content\/uploads\/2019\/02\/DSC_3377-1024x682.jpg\" alt=\"\" data-id=\"174868\" data-link=\"https:\/\/www.sana.sy\/tr\/?attachment_id=174868\" class=\"wp-image-174868\" srcset=\"https:\/\/archive.sana.sy\/tr\/wp-content\/uploads\/2019\/02\/DSC_3377-1024x682.jpg 1024w, https:\/\/archive.sana.sy\/tr\/wp-content\/uploads\/2019\/02\/DSC_3377-150x100.jpg 150w, https:\/\/archive.sana.sy\/tr\/wp-content\/uploads\/2019\/02\/DSC_3377-300x200.jpg 300w, https:\/\/archive.sana.sy\/tr\/wp-content\/uploads\/2019\/02\/DSC_3377-768x511.jpg 768w, https:\/\/archive.sana.sy\/tr\/wp-content\/uploads\/2019\/02\/DSC_3377-310x205.jpg 310w\" sizes=\"auto, (max-width: 1024px) 100vw, 1024px\" \/><\/a><\/figure><\/li><\/ul>\n","protected":false},"excerpt":{"rendered":"<p>DERA \u2013 Fakl\u0131 illerde oldu\u011fu gibi yakla\u015f\u0131k \u00fc\u00e7 y\u0131l \u00f6nce Dera \u0130linde kurulan \u00e7ocuk parlamentosu \u00fc\u00e7\u00fcnc\u00fc y\u0131l\u0131nda \u00e7al\u0131\u015fmalar\u0131n\u0131 dikkat \u00e7ekici bir ba\u015far\u0131yla s\u00fcrd\u00fcr\u00fcyor. Dera \u00c7ocuk Parlamentosu il genelinde ilk ve ortaokul \u00e7a\u011flar\u0131nda 200 \u00e7ocu\u011fun kat\u0131l\u0131m\u0131yla d\u00fczenledi\u011fi oturumda k\u00fc\u00e7\u00fck parlamenterler devlet yetkilileri kar\u015f\u0131s\u0131nda \u00fcst\u00fcn bir cesaretle durarak il genelinde genel sorunlar\u0131 sorgulad\u0131lar. \u00c7ocuk parlamenterler muhtelif alanlarda &hellip;<\/p>\n","protected":false},"author":1,"featured_media":174861,"comment_status":"closed","ping_status":"closed","sticky":false,"template":"","format":"standard","meta":{"footnotes":""},"categories":[596,479,17988,478],"tags":[],"class_list":["post-174860","post","type-post","status-publish","format-standard","has-post-thumbnail","","category-fotografli-raporlar","category-haberler-yerel","category-son-haberler","category-yerel"],"_links":{"self":[{"href":"https:\/\/archive.sana.sy\/tr\/index.php?rest_route=\/wp\/v2\/posts\/174860","targetHints":{"allow":["GET"]}}],"collection":[{"href":"https:\/\/archive.sana.sy\/tr\/index.php?rest_route=\/wp\/v2\/posts"}],"about":[{"href":"https:\/\/archive.sana.sy\/tr\/index.php?rest_route=\/wp\/v2\/types\/post"}],"author":[{"embeddable":true,"href":"https:\/\/archive.sana.sy\/tr\/index.php?rest_route=\/wp\/v2\/users\/1"}],"replies":[{"embeddable":true,"href":"https:\/\/archive.sana.sy\/tr\/index.php?rest_route=%2Fwp%2Fv2%2Fcomments&post=174860"}],"version-history":[{"count":0,"href":"https:\/\/archive.sana.sy\/tr\/index.php?rest_route=\/wp\/v2\/posts\/174860\/revisions"}],"wp:featuredmedia":[{"embeddable":true,"href":"https:\/\/archive.sana.sy\/tr\/index.php?rest_route=\/wp\/v2\/media\/174861"}],"wp:attachment":[{"href":"https:\/\/archive.sana.sy\/tr\/index.php?rest_route=%2Fwp%2Fv2%2Fmedia&parent=174860"}],"wp:term":[{"taxonomy":"category","embeddable":true,"href":"https:\/\/archive.sana.sy\/tr\/index.php?rest_route=%2Fwp%2Fv2%2Fcategories&post=174860"},{"taxonomy":"post_tag","embeddable":true,"href":"https:\/\/archive.sana.sy\/tr\/index.php?rest_route=%2Fwp%2Fv2%2Ftags&post=174860"}],"curies":[{"name":"wp","href":"https:\/\/api.w.org\/{rel}","templated":true}]}}