{"id":174882,"date":"2019-02-17T22:16:58","date_gmt":"2019-02-17T20:16:58","guid":{"rendered":"http:\/\/www.sana.sy\/tr\/?p=174882"},"modified":"2019-02-19T14:17:04","modified_gmt":"2019-02-19T12:17:04","slug":"rahmun-e-pasaport-ve-trafik-yonetiminin-gelisim-projesi-uzerinde-calisiyoruz","status":"publish","type":"post","link":"https:\/\/archive.sana.sy\/tr\/?p=174882","title":{"rendered":"Rahmun: e-pasaport ve trafik y\u00f6netiminin geli\u015fim projesi \u00fczerinde \u00e7al\u0131\u015f\u0131yoruz"},"content":{"rendered":"\n<p>\u015eAM &#8211; Halk Meclisi, Konsey\nBa\u015fkan\u0131 Hamuda Sabba\u011f ba\u015fkanl\u0131\u011f\u0131nda bug\u00fcn d\u00fczenlenen ikinci yasama oturumunun\nDokuzuncu Ola\u011fan Oturumunun 11. oturumunda \u0130\u00e7i\u015fleri Bakanl\u0131\u011f\u0131\u2019n\u0131n\n\u00e7al\u0131\u015fmalar\u0131n\u0131n performans\u0131n\u0131 g\u00f6r\u00fc\u015ft\u00fc.<\/p>\n\n\n\n<p>Baz\u0131 milletvekilleri,\nter\u00f6re maruz kalan b\u00f6lgelerdeki varl\u0131klar\u0131 nedeniyle i\u015ften \u00e7\u0131kar\u0131lan ki\u015filerin\niadesini kolayla\u015ft\u0131racak bir mekanizma bulma \u00e7a\u011fr\u0131s\u0131nda bulunarak, Rakka\nk\u0131rsal\u0131ndaki Tel Mnin polis merkezinin korunmas\u0131 ve polis tazminat\u0131n\u0131n\nartt\u0131r\u0131lmas\u0131n\u0131 talep etti.<\/p>\n\n\n\n<p>Baz\u0131\nmilletvekileri ayr\u0131ca, \u0130dlib halk\u0131 i\u00e7in medeni bir stat\u00fc olu\u015fturulmas\u0131 ve &#8220;\u00f6zellikle\nbenzer isimlerin durdurulmas\u0131 konusunda aranan isimlerin \u00e7\u0131kar\u0131lmas\u0131&#8221;\nkonusunda dikkatli olunmas\u0131 ve &#8220;araman\u0131n durdurulmas\u0131&#8221; icraatlar\u0131n\u0131n\nkolayla\u015ft\u0131r\u0131lmas\u0131 ile &#8220;silah ruhsat\u0131&#8221; kanununun halihaz\u0131rdaki\n\u015fartlara g\u00f6re uyarlanacak \u015fekilde d\u00fczenlenmesini talep ettiler.<\/p>\n\n\n\n<p>Baz\u0131 meclis\n\u00fcyeleri de Seyyide Zeyneb M\u0131nt\u0131kas\u0131nda bir vatanda\u015f hizmet merkezi kurulmas\u0131,\nmedeni i\u015flemlerin \u00e7\u0131kar\u0131lmas\u0131n\u0131 h\u0131zland\u0131rmak ve elektronik a\u011fa ba\u011flanmak yan\u0131\ns\u0131ra Suveyda ve Dera illerinde g\u00fcvenlik durumlar\u0131 iyile\u015ftirmeye \u00e7a\u011fr\u0131da\nbulundu.<\/p>\n\n\n\n<p>\u0130\u00e7i\u015fleri Bakan\u0131 Muhammed\nHalid Al Rahmun, Suriye Arap Ordusu g\u00fc\u00e7leri ile birlikte ter\u00f6rist gruplarla sava\u015fmak\ni\u00e7in i\u00e7 g\u00fcvenlik kuvvetlerinin g\u00f6revlerini s\u00fcrd\u00fcrd\u00fcklerini belirtti.<\/p>\n\n\n\n<p>Bakan, e-pasaport projesi\ni\u00e7in duyuru ve s\u00f6zle\u015fmeye haz\u0131rl\u0131k i\u00e7in elektronik pasaport projesinin mali ve\nyasal \u015fartlar kitab\u0131n\u0131n haz\u0131rland\u0131\u011f\u0131n\u0131, Suriye sekretaryas\u0131 projesinin ikinci\na\u015famas\u0131n\u0131n uygulanmaya ba\u015fland\u0131\u011f\u0131n\u0131, Ceramana, Selemiye, Banyas, Ceble ve\nMaharde gibi baz\u0131 b\u00f6lgelerde ehliyetlerin \u00e7\u0131kar\u0131lmas\u0131 merkezlerinin a\u00e7\u0131lmas\u0131yla\ntrafik idaresi \u00e7al\u0131\u015fmalar\u0131n\u0131n geli\u015ftirilece\u011fini ortaya \u00e7\u0131kard\u0131.<\/p>\n\n\n\n<p>Konsey \u00fcyelerinin\nm\u00fcdahalelerine cevap olarak Rahmun, bakanl\u0131\u011f\u0131n, elemanlar\u0131n\u0131n ya\u015fam\nko\u015fullar\u0131n\u0131n iyile\u015ftirilmesi konusunun ele al\u0131nd\u0131\u011f\u0131n\u0131 s\u00f6yledi.<\/p>\n\n\n\n<p>Bakan Rahmun, geli\u015fig\u00fczel ate\u015f a\u00e7anlar\u0131n izlendiklerini ve tutukland\u0131klar\u0131na dikkat \u00e7ekti.<\/p>\n","protected":false},"excerpt":{"rendered":"<p>\u015eAM &#8211; Halk Meclisi, Konsey Ba\u015fkan\u0131 Hamuda Sabba\u011f ba\u015fkanl\u0131\u011f\u0131nda bug\u00fcn d\u00fczenlenen ikinci yasama oturumunun Dokuzuncu Ola\u011fan Oturumunun 11. oturumunda \u0130\u00e7i\u015fleri Bakanl\u0131\u011f\u0131\u2019n\u0131n \u00e7al\u0131\u015fmalar\u0131n\u0131n performans\u0131n\u0131 g\u00f6r\u00fc\u015ft\u00fc. Baz\u0131 milletvekilleri, ter\u00f6re maruz kalan b\u00f6lgelerdeki varl\u0131klar\u0131 nedeniyle i\u015ften \u00e7\u0131kar\u0131lan ki\u015filerin iadesini kolayla\u015ft\u0131racak bir mekanizma bulma \u00e7a\u011fr\u0131s\u0131nda bulunarak, Rakka k\u0131rsal\u0131ndaki Tel Mnin polis merkezinin korunmas\u0131 ve polis tazminat\u0131n\u0131n artt\u0131r\u0131lmas\u0131n\u0131 talep etti. &hellip;<\/p>\n","protected":false},"author":1,"featured_media":174883,"comment_status":"closed","ping_status":"closed","sticky":false,"template":"","format":"standard","meta":{"footnotes":""},"categories":[479,478],"tags":[],"class_list":["post-174882","post","type-post","status-publish","format-standard","has-post-thumbnail","","category-haberler-yerel","category-yerel"],"_links":{"self":[{"href":"https:\/\/archive.sana.sy\/tr\/index.php?rest_route=\/wp\/v2\/posts\/174882","targetHints":{"allow":["GET"]}}],"collection":[{"href":"https:\/\/archive.sana.sy\/tr\/index.php?rest_route=\/wp\/v2\/posts"}],"about":[{"href":"https:\/\/archive.sana.sy\/tr\/index.php?rest_route=\/wp\/v2\/types\/post"}],"author":[{"embeddable":true,"href":"https:\/\/archive.sana.sy\/tr\/index.php?rest_route=\/wp\/v2\/users\/1"}],"replies":[{"embeddable":true,"href":"https:\/\/archive.sana.sy\/tr\/index.php?rest_route=%2Fwp%2Fv2%2Fcomments&post=174882"}],"version-history":[{"count":0,"href":"https:\/\/archive.sana.sy\/tr\/index.php?rest_route=\/wp\/v2\/posts\/174882\/revisions"}],"wp:featuredmedia":[{"embeddable":true,"href":"https:\/\/archive.sana.sy\/tr\/index.php?rest_route=\/wp\/v2\/media\/174883"}],"wp:attachment":[{"href":"https:\/\/archive.sana.sy\/tr\/index.php?rest_route=%2Fwp%2Fv2%2Fmedia&parent=174882"}],"wp:term":[{"taxonomy":"category","embeddable":true,"href":"https:\/\/archive.sana.sy\/tr\/index.php?rest_route=%2Fwp%2Fv2%2Fcategories&post=174882"},{"taxonomy":"post_tag","embeddable":true,"href":"https:\/\/archive.sana.sy\/tr\/index.php?rest_route=%2Fwp%2Fv2%2Ftags&post=174882"}],"curies":[{"name":"wp","href":"https:\/\/api.w.org\/{rel}","templated":true}]}}