{"id":175199,"date":"2019-02-21T13:59:53","date_gmt":"2019-02-21T11:59:53","guid":{"rendered":"http:\/\/www.sana.sy\/tr\/?p=175199"},"modified":"2019-02-22T13:12:19","modified_gmt":"2019-02-22T11:12:19","slug":"suriyeli-yuzucu-6-madalya-kazandi","status":"publish","type":"post","link":"https:\/\/archive.sana.sy\/tr\/?p=175199","title":{"rendered":"Suriyeli Y\u00fcz\u00fcc\u00fc 6 Madalya Kazand\u0131"},"content":{"rendered":"<p>BANGKOK \u2013 Milli y\u00fcz\u00fcc\u00fcm\u00fcz Eyman Kelziye Tayland\u2019\u0131n ba\u015fkenti Bangkok&#8217;ta d\u00fczenlenen Uluslararas\u0131 Martin \u015eampiyonas\u0131nda 6 madalya kazand\u0131.\u00a0<a href=\"http:\/\/www.sana.sy\/tr\/wp-content\/uploads\/2019\/02\/22-81.jpg\"><img loading=\"lazy\" decoding=\"async\" class=\"alignright wp-image-175203 size-medium\" src=\"http:\/\/www.sana.sy\/tr\/wp-content\/uploads\/2019\/02\/22-81-166x300.jpg\" alt=\"\" width=\"166\" height=\"300\" srcset=\"https:\/\/archive.sana.sy\/tr\/wp-content\/uploads\/2019\/02\/22-81-166x300.jpg 166w, https:\/\/archive.sana.sy\/tr\/wp-content\/uploads\/2019\/02\/22-81-83x150.jpg 83w, https:\/\/archive.sana.sy\/tr\/wp-content\/uploads\/2019\/02\/22-81.jpg 300w\" sizes=\"auto, (max-width: 166px) 100vw, 166px\" \/><\/a><\/p>\n<p>Y\u00fcz\u00fcc\u00fcler Birli\u011fi Ba\u015fkan\u0131 Firas Mualla Kelziye\u2019nin 3 g\u00fcm\u00fc\u015f ve 3 bronz olmak \u00fczere toplam 6 madalya kazand\u0131\u011f\u0131n\u0131 a\u00e7\u0131klarken; muhtelif dallarda yap\u0131lan y\u00fczme yar\u0131\u015flar\u0131nda g\u00fczel sonu\u00e7lar kaydetti\u011fini s\u00f6yledi.<\/p>\n<p>Mualla s\u00f6z konusu \u015fampiyonlu\u011fun \u00f6n\u00fcm\u00fczdeki ay\u0131n dokuzunda Slovenya&#8217;da d\u00fczenlenecek uluslararas\u0131 \u015fampiyonlu\u011fa haz\u0131rl\u0131k niteli\u011finde oldu\u011funu s\u00f6yledi. \u0130ki \u015fampiyonlu\u011fun da Temmuz ay\u0131nda G\u00fcney Kore\u2019de d\u00fczenlenecek d\u00fcnya y\u00fczme \u015fampiyonas\u0131na kat\u0131l\u0131m a\u00e7\u0131s\u0131ndan \u00f6nem ta\u015f\u0131d\u0131klar\u0131n\u0131 ifade eden Mualla; bir nevi elemeler say\u0131ld\u0131\u011f\u0131n\u0131 s\u00f6zlerine ekledi.<\/p>\n<p>Bu arada milli y\u00fcz\u00fcc\u00fcm\u00fcz Kelziye 2018 y\u0131l\u0131nda kat\u0131ld\u0131\u011f\u0131 uluslararas\u0131 y\u00fczme \u015fampiyonluklar\u0131nda 18 madalya kazanm\u0131\u015ft\u0131.<\/p>\n<p>&nbsp;<\/p>\n<p>&nbsp;<\/p>\n","protected":false},"excerpt":{"rendered":"<p>BANGKOK \u2013 Milli y\u00fcz\u00fcc\u00fcm\u00fcz Eyman Kelziye Tayland\u2019\u0131n ba\u015fkenti Bangkok&#8217;ta d\u00fczenlenen Uluslararas\u0131 Martin \u015eampiyonas\u0131nda 6 madalya kazand\u0131.\u00a0 Y\u00fcz\u00fcc\u00fcler Birli\u011fi Ba\u015fkan\u0131 Firas Mualla Kelziye\u2019nin 3 g\u00fcm\u00fc\u015f ve 3 bronz olmak \u00fczere toplam 6 madalya kazand\u0131\u011f\u0131n\u0131 a\u00e7\u0131klarken; muhtelif dallarda yap\u0131lan y\u00fczme yar\u0131\u015flar\u0131nda g\u00fczel sonu\u00e7lar kaydetti\u011fini s\u00f6yledi. Mualla s\u00f6z konusu \u015fampiyonlu\u011fun \u00f6n\u00fcm\u00fczdeki ay\u0131n dokuzunda Slovenya&#8217;da d\u00fczenlenecek uluslararas\u0131 \u015fampiyonlu\u011fa haz\u0131rl\u0131k &hellip;<\/p>\n","protected":false},"author":1,"featured_media":175201,"comment_status":"closed","ping_status":"closed","sticky":false,"template":"","format":"standard","meta":{"footnotes":""},"categories":[498,479,17988,496,478],"tags":[],"class_list":["post-175199","post","type-post","status-publish","format-standard","has-post-thumbnail","","category-dunya-turnuvalari","category-haberler-yerel","category-son-haberler","category-spor","category-yerel"],"_links":{"self":[{"href":"https:\/\/archive.sana.sy\/tr\/index.php?rest_route=\/wp\/v2\/posts\/175199","targetHints":{"allow":["GET"]}}],"collection":[{"href":"https:\/\/archive.sana.sy\/tr\/index.php?rest_route=\/wp\/v2\/posts"}],"about":[{"href":"https:\/\/archive.sana.sy\/tr\/index.php?rest_route=\/wp\/v2\/types\/post"}],"author":[{"embeddable":true,"href":"https:\/\/archive.sana.sy\/tr\/index.php?rest_route=\/wp\/v2\/users\/1"}],"replies":[{"embeddable":true,"href":"https:\/\/archive.sana.sy\/tr\/index.php?rest_route=%2Fwp%2Fv2%2Fcomments&post=175199"}],"version-history":[{"count":0,"href":"https:\/\/archive.sana.sy\/tr\/index.php?rest_route=\/wp\/v2\/posts\/175199\/revisions"}],"wp:featuredmedia":[{"embeddable":true,"href":"https:\/\/archive.sana.sy\/tr\/index.php?rest_route=\/wp\/v2\/media\/175201"}],"wp:attachment":[{"href":"https:\/\/archive.sana.sy\/tr\/index.php?rest_route=%2Fwp%2Fv2%2Fmedia&parent=175199"}],"wp:term":[{"taxonomy":"category","embeddable":true,"href":"https:\/\/archive.sana.sy\/tr\/index.php?rest_route=%2Fwp%2Fv2%2Fcategories&post=175199"},{"taxonomy":"post_tag","embeddable":true,"href":"https:\/\/archive.sana.sy\/tr\/index.php?rest_route=%2Fwp%2Fv2%2Ftags&post=175199"}],"curies":[{"name":"wp","href":"https:\/\/api.w.org\/{rel}","templated":true}]}}