{"id":175441,"date":"2019-02-23T15:31:42","date_gmt":"2019-02-23T13:31:42","guid":{"rendered":"http:\/\/www.sana.sy\/tr\/?p=175441"},"modified":"2019-02-24T12:39:42","modified_gmt":"2019-02-24T10:39:42","slug":"ogrenimlerini-tamamlamalari-icin-istisnai-firsat-verildi","status":"publish","type":"post","link":"https:\/\/archive.sana.sy\/tr\/?p=175441","title":{"rendered":"\u00d6\u011frenimlerini Tamamlamalar\u0131 \u0130\u00e7in \u0130stisnai F\u0131rsat Verildi"},"content":{"rendered":"<p>\u015eAM \u2013 Cumhurba\u015fkan\u0131 Be\u015f\u015far el Esad s\u0131navlardaki ba\u015far\u0131s\u0131zl\u0131klar\u0131ndan dolay\u0131 \u00fcniversiteden at\u0131lan \u00f6\u011frencilere bir s\u0131nav d\u00f6nemi hakk\u0131 daha tan\u0131yan 2019\/69 say\u0131l\u0131 kararnameyi onaylad\u0131.<\/p>\n<p>2006\/6 say\u0131l\u0131 \u00fcniversiteler kanunu ve d\u00fczenlemeleri gere\u011fince onaylanan kararname y\u00fcksek lisans, mast\u0131r ve doktora yapan \u00f6\u011frencilere de ek bir y\u0131l daha tan\u0131nmas\u0131n\u0131 \u00f6ng\u00f6r\u00fcyor.<\/p>\n","protected":false},"excerpt":{"rendered":"<p>\u015eAM \u2013 Cumhurba\u015fkan\u0131 Be\u015f\u015far el Esad s\u0131navlardaki ba\u015far\u0131s\u0131zl\u0131klar\u0131ndan dolay\u0131 \u00fcniversiteden at\u0131lan \u00f6\u011frencilere bir s\u0131nav d\u00f6nemi hakk\u0131 daha tan\u0131yan 2019\/69 say\u0131l\u0131 kararnameyi onaylad\u0131. 2006\/6 say\u0131l\u0131 \u00fcniversiteler kanunu ve d\u00fczenlemeleri gere\u011fince onaylanan kararname y\u00fcksek lisans, mast\u0131r ve doktora yapan \u00f6\u011frencilere de ek bir y\u0131l daha tan\u0131nmas\u0131n\u0131 \u00f6ng\u00f6r\u00fcyor.<\/p>\n","protected":false},"author":1,"featured_media":158568,"comment_status":"closed","ping_status":"closed","sticky":false,"template":"","format":"standard","meta":{"footnotes":""},"categories":[479,605,17988,612,599,478],"tags":[],"class_list":["post-175441","post","type-post","status-publish","format-standard","has-post-thumbnail","","category-haberler-yerel","category-sayin-cumhurbaskani","category-son-haberler","category-yasama-kararnameler","category-yasama-ve-kanunlar","category-yerel"],"_links":{"self":[{"href":"https:\/\/archive.sana.sy\/tr\/index.php?rest_route=\/wp\/v2\/posts\/175441","targetHints":{"allow":["GET"]}}],"collection":[{"href":"https:\/\/archive.sana.sy\/tr\/index.php?rest_route=\/wp\/v2\/posts"}],"about":[{"href":"https:\/\/archive.sana.sy\/tr\/index.php?rest_route=\/wp\/v2\/types\/post"}],"author":[{"embeddable":true,"href":"https:\/\/archive.sana.sy\/tr\/index.php?rest_route=\/wp\/v2\/users\/1"}],"replies":[{"embeddable":true,"href":"https:\/\/archive.sana.sy\/tr\/index.php?rest_route=%2Fwp%2Fv2%2Fcomments&post=175441"}],"version-history":[{"count":0,"href":"https:\/\/archive.sana.sy\/tr\/index.php?rest_route=\/wp\/v2\/posts\/175441\/revisions"}],"wp:featuredmedia":[{"embeddable":true,"href":"https:\/\/archive.sana.sy\/tr\/index.php?rest_route=\/wp\/v2\/media\/158568"}],"wp:attachment":[{"href":"https:\/\/archive.sana.sy\/tr\/index.php?rest_route=%2Fwp%2Fv2%2Fmedia&parent=175441"}],"wp:term":[{"taxonomy":"category","embeddable":true,"href":"https:\/\/archive.sana.sy\/tr\/index.php?rest_route=%2Fwp%2Fv2%2Fcategories&post=175441"},{"taxonomy":"post_tag","embeddable":true,"href":"https:\/\/archive.sana.sy\/tr\/index.php?rest_route=%2Fwp%2Fv2%2Ftags&post=175441"}],"curies":[{"name":"wp","href":"https:\/\/api.w.org\/{rel}","templated":true}]}}