{"id":175451,"date":"2019-02-23T15:22:18","date_gmt":"2019-02-23T13:22:18","guid":{"rendered":"http:\/\/www.sana.sy\/tr\/?p=175451"},"modified":"2019-02-24T12:39:45","modified_gmt":"2019-02-24T10:39:45","slug":"komiteler-toplantilarini-tamamladi","status":"publish","type":"post","link":"https:\/\/archive.sana.sy\/tr\/?p=175451","title":{"rendered":"Komiteler Toplant\u0131lar\u0131n\u0131 Tamamlad\u0131"},"content":{"rendered":"<p>BELGRAT \u2013 Halk Meclisinden bir heyetin kat\u0131l\u0131m\u0131yla d\u00fcn S\u0131rbistan\u2019\u0131n ba\u015fkenti Belgrat\u2019ta \u00e7al\u0131\u015fmalar\u0131na ba\u015flayan Akdeniz Parlamenterler Asamblesinde daimi komitelerin 13. D\u00f6nem toplant\u0131lar\u0131 bug\u00fcn sona erdi.<\/p>\n<p>Hicret ve m\u00fclteciler meselesinin tart\u0131\u015f\u0131ld\u0131\u011f\u0131 toplant\u0131da konu\u015fan Halk Meclisinde Milletvekili Cemal el Kadiri Suriye&#8217;nin tan\u0131k oldu\u011fu tehcir ve g\u00f6\u00e7\u00fcn as\u0131l nedeninin, belli ba\u015fl\u0131 devletlerin destekledikleri ter\u00f6r oldu\u011funu belirtti. Kadiri tehcir edilen Suriyelilerin meselesini \u00e7\u00f6zme ama\u00e7l\u0131 ciddi ve d\u00fcr\u00fcst \u00e7abalar\u0131n Suriye devleti ile koordinasyon i\u00e7inde olmas\u0131 gerekti\u011finin alt\u0131n\u0131 \u00e7izdi.<\/p>\n<p>Tehcir edilen meselenin \u00e7\u00f6z\u00fcm\u00fc i\u00e7in ter\u00f6re deste\u011fin kesilmesi ve ter\u00f6r\u00fcn tamamen yok edilmesi gere\u011fini vurgulayan Milletvekili Kadiri; ayn\u0131 zamanda Suriye ve halk\u0131na y\u00f6nelik uygulanman kanunsuz kat\u0131 yapt\u0131r\u0131mlara da son verilmesi gerekti\u011fini kaydetti.<\/p>\n<p>\u00dc\u00e7\u00fcnc\u00fc Komitenin \u201cmedeniyetler diyalogu ve insan haklar\u0131\u201d konulu toplant\u0131s\u0131nda yapt\u0131\u011f\u0131 konu\u015fmada ise Kadiri; g\u00fcvenlik ve istikrar\u0131n sa\u011flanmas\u0131 i\u00e7in Akdeniz\u2019in kuzeyi ve g\u00fcneyindeki devletler aras\u0131nda ba\u011flant\u0131 ve koordinasyonun gere\u011fini belirtti.<\/p>\n<p>Kadiri bir k\u0131s\u0131m devletlerin insan haklar\u0131 iddialar\u0131 alt\u0131nda ter\u00f6r\u00fc edat olarak kullanmalar\u0131 ve \u201cArap bahar\u0131\u201d olarak bilinen sahte iddialar neticesinde Arap \u00fclkelerinin yar\u0131s\u0131n\u0131n ekonomilerinin sabote edildi\u011fine dikkat \u00e7ekti.<\/p>\n<p>Suriye dahil Akdeniz \u00fclkesi 43 devletin kat\u0131ld\u0131klar\u0131 toplant\u0131larda insan haklar\u0131 ve iklim de\u011fi\u015fikli\u011finin yan\u0131 s\u0131ra Ortado\u011fu\u2019daki durumlara ili\u015fkin bir dizi proje ve plan tart\u0131\u015f\u0131ld\u0131.<\/p>\n","protected":false},"excerpt":{"rendered":"<p>BELGRAT \u2013 Halk Meclisinden bir heyetin kat\u0131l\u0131m\u0131yla d\u00fcn S\u0131rbistan\u2019\u0131n ba\u015fkenti Belgrat\u2019ta \u00e7al\u0131\u015fmalar\u0131na ba\u015flayan Akdeniz Parlamenterler Asamblesinde daimi komitelerin 13. D\u00f6nem toplant\u0131lar\u0131 bug\u00fcn sona erdi. Hicret ve m\u00fclteciler meselesinin tart\u0131\u015f\u0131ld\u0131\u011f\u0131 toplant\u0131da konu\u015fan Halk Meclisinde Milletvekili Cemal el Kadiri Suriye&#8217;nin tan\u0131k oldu\u011fu tehcir ve g\u00f6\u00e7\u00fcn as\u0131l nedeninin, belli ba\u015fl\u0131 devletlerin destekledikleri ter\u00f6r oldu\u011funu belirtti. Kadiri tehcir edilen &hellip;<\/p>\n","protected":false},"author":1,"featured_media":175474,"comment_status":"closed","ping_status":"closed","sticky":false,"template":"","format":"standard","meta":{"footnotes":""},"categories":[458,459,17988],"tags":[],"class_list":["post-175451","post","type-post","status-publish","format-standard","has-post-thumbnail","","category-dunya1","category-haberler-arap-uluslararasi-politika","category-son-haberler"],"_links":{"self":[{"href":"https:\/\/archive.sana.sy\/tr\/index.php?rest_route=\/wp\/v2\/posts\/175451","targetHints":{"allow":["GET"]}}],"collection":[{"href":"https:\/\/archive.sana.sy\/tr\/index.php?rest_route=\/wp\/v2\/posts"}],"about":[{"href":"https:\/\/archive.sana.sy\/tr\/index.php?rest_route=\/wp\/v2\/types\/post"}],"author":[{"embeddable":true,"href":"https:\/\/archive.sana.sy\/tr\/index.php?rest_route=\/wp\/v2\/users\/1"}],"replies":[{"embeddable":true,"href":"https:\/\/archive.sana.sy\/tr\/index.php?rest_route=%2Fwp%2Fv2%2Fcomments&post=175451"}],"version-history":[{"count":0,"href":"https:\/\/archive.sana.sy\/tr\/index.php?rest_route=\/wp\/v2\/posts\/175451\/revisions"}],"wp:featuredmedia":[{"embeddable":true,"href":"https:\/\/archive.sana.sy\/tr\/index.php?rest_route=\/wp\/v2\/media\/175474"}],"wp:attachment":[{"href":"https:\/\/archive.sana.sy\/tr\/index.php?rest_route=%2Fwp%2Fv2%2Fmedia&parent=175451"}],"wp:term":[{"taxonomy":"category","embeddable":true,"href":"https:\/\/archive.sana.sy\/tr\/index.php?rest_route=%2Fwp%2Fv2%2Fcategories&post=175451"},{"taxonomy":"post_tag","embeddable":true,"href":"https:\/\/archive.sana.sy\/tr\/index.php?rest_route=%2Fwp%2Fv2%2Ftags&post=175451"}],"curies":[{"name":"wp","href":"https:\/\/api.w.org\/{rel}","templated":true}]}}