{"id":175468,"date":"2019-02-23T16:29:31","date_gmt":"2019-02-23T14:29:31","guid":{"rendered":"http:\/\/www.sana.sy\/tr\/?p=175468"},"modified":"2019-02-24T12:39:37","modified_gmt":"2019-02-24T10:39:37","slug":"sivillere-ve-altyapiya-saldiranlar-imha-edildi","status":"publish","type":"post","link":"https:\/\/archive.sana.sy\/tr\/?p=175468","title":{"rendered":"Sivillere ve Altyap\u0131ya Sald\u0131ranlar \u0130mha Edildi"},"content":{"rendered":"<p>HAMA \u2013 Ter\u00f6rist gruplar\u0131 sivil yerle\u015fim alanlar\u0131 ve hizmet altyap\u0131 kurumlar\u0131na sald\u0131r\u0131lar\u0131yla gerginli\u011fi azaltma anla\u015fmas\u0131na yeni bir ihlalde bulunarak Hama k\u0131rsal\u0131nda Mharde Elektrik \u0130stasyonuna sald\u0131rd\u0131lar.<\/p>\n<p>Hama\u2019n\u0131n SANA muhabiri; ter\u00f6ristlerin bug\u00fcn Mharde Elektik \u0130stasyonuna bir f\u00fczeyle sald\u0131rd\u0131klar\u0131n\u0131 belirtti. Muhabir istasyon kenar\u0131nda d\u00fc\u015fen ter\u00f6r f\u00fczesinin maddi hasarlara yol a\u00e7t\u0131\u011f\u0131n\u0131 belirtti.<br \/>\nMuhabir ayr\u0131ca \u0130dlib \u0130linin g\u00fcneyinde bulunan ter\u00f6ristlerin Hama Kentinin 35 km kuzeybat\u0131s\u0131 Mharde Nahiyesine tabi S\u0131fsafa K\u00f6y\u00fcnde vatanda\u015flar\u0131n evlerine bir dizi f\u00fczeyle gaddarca sald\u0131rd\u0131klar\u0131n\u0131 aktar\u0131rken evlerde maddi hasarlar meydana geldi\u011fini s\u00f6yledi.<\/p>\n<p>Ordu birliklerimizin sald\u0131r\u0131da bulunan ter\u00f6ristlerin mevkilerini tespit edip mevkileri dakik bir \u015fekilde ate\u015fe tuttuklar\u0131na dikkat \u00e7eken muhabir; bir\u00e7ok ter\u00f6r rampas\u0131 ve siperinin i\u00e7lerinde bulunan ter\u00f6ristlerle birlikte imha edildiklerini belirtti.<\/p>\n","protected":false},"excerpt":{"rendered":"<p>HAMA \u2013 Ter\u00f6rist gruplar\u0131 sivil yerle\u015fim alanlar\u0131 ve hizmet altyap\u0131 kurumlar\u0131na sald\u0131r\u0131lar\u0131yla gerginli\u011fi azaltma anla\u015fmas\u0131na yeni bir ihlalde bulunarak Hama k\u0131rsal\u0131nda Mharde Elektrik \u0130stasyonuna sald\u0131rd\u0131lar. Hama\u2019n\u0131n SANA muhabiri; ter\u00f6ristlerin bug\u00fcn Mharde Elektik \u0130stasyonuna bir f\u00fczeyle sald\u0131rd\u0131klar\u0131n\u0131 belirtti. Muhabir istasyon kenar\u0131nda d\u00fc\u015fen ter\u00f6r f\u00fczesinin maddi hasarlara yol a\u00e7t\u0131\u011f\u0131n\u0131 belirtti. Muhabir ayr\u0131ca \u0130dlib \u0130linin g\u00fcneyinde bulunan ter\u00f6ristlerin &hellip;<\/p>\n","protected":false},"author":1,"featured_media":175472,"comment_status":"closed","ping_status":"closed","sticky":false,"template":"","format":"standard","meta":{"footnotes":""},"categories":[479,575,17988,478],"tags":[],"class_list":["post-175468","post","type-post","status-publish","format-standard","has-post-thumbnail","","category-haberler-yerel","category-olaylar-ve-gercekler","category-son-haberler","category-yerel"],"_links":{"self":[{"href":"https:\/\/archive.sana.sy\/tr\/index.php?rest_route=\/wp\/v2\/posts\/175468","targetHints":{"allow":["GET"]}}],"collection":[{"href":"https:\/\/archive.sana.sy\/tr\/index.php?rest_route=\/wp\/v2\/posts"}],"about":[{"href":"https:\/\/archive.sana.sy\/tr\/index.php?rest_route=\/wp\/v2\/types\/post"}],"author":[{"embeddable":true,"href":"https:\/\/archive.sana.sy\/tr\/index.php?rest_route=\/wp\/v2\/users\/1"}],"replies":[{"embeddable":true,"href":"https:\/\/archive.sana.sy\/tr\/index.php?rest_route=%2Fwp%2Fv2%2Fcomments&post=175468"}],"version-history":[{"count":0,"href":"https:\/\/archive.sana.sy\/tr\/index.php?rest_route=\/wp\/v2\/posts\/175468\/revisions"}],"wp:featuredmedia":[{"embeddable":true,"href":"https:\/\/archive.sana.sy\/tr\/index.php?rest_route=\/wp\/v2\/media\/175472"}],"wp:attachment":[{"href":"https:\/\/archive.sana.sy\/tr\/index.php?rest_route=%2Fwp%2Fv2%2Fmedia&parent=175468"}],"wp:term":[{"taxonomy":"category","embeddable":true,"href":"https:\/\/archive.sana.sy\/tr\/index.php?rest_route=%2Fwp%2Fv2%2Fcategories&post=175468"},{"taxonomy":"post_tag","embeddable":true,"href":"https:\/\/archive.sana.sy\/tr\/index.php?rest_route=%2Fwp%2Fv2%2Ftags&post=175468"}],"curies":[{"name":"wp","href":"https:\/\/api.w.org\/{rel}","templated":true}]}}