{"id":175486,"date":"2019-02-24T12:42:48","date_gmt":"2019-02-24T10:42:48","guid":{"rendered":"http:\/\/www.sana.sy\/tr\/?p=175486"},"modified":"2019-02-25T13:57:56","modified_gmt":"2019-02-25T11:57:56","slug":"isid-mayininda-20den-fazla-kisi-sehit-dustu","status":"publish","type":"post","link":"https:\/\/archive.sana.sy\/tr\/?p=175486","title":{"rendered":"I\u015e\u0130D May\u0131n\u0131nda 20\u2019den Fazla Ki\u015fi \u015eehit D\u00fc\u015ft\u00fc"},"content":{"rendered":"<p>HAMA \u2013 Hama \u0130linin do\u011fusu Selemiye k\u0131rsal\u0131 Izeyb Vadisinde i\u015f\u00e7ileri ta\u015f\u0131yan bir arac\u0131n ge\u00e7i\u015fi s\u0131ras\u0131nda I\u015e\u0130D\u2019ten kalma bir may\u0131n patlad\u0131.<\/p>\n<p>Hama \u0130l Emniyet M\u00fcd\u00fcrl\u00fc\u011f\u00fcnde yetkili bir kaynak Bistana ve Serha k\u00f6ylerinden yermantar\u0131 (tr\u00fcf) toplayan i\u015f\u00e7ileri ta\u015f\u0131yan bir arac\u0131n ge\u00e7i\u015fi s\u0131ras\u0131nda patlayan may\u0131nda 20\u2019den fazla i\u015f\u00e7inin \u015fehit d\u00fc\u015ft\u00fcklerini belirtti.<\/p>\n<p>Yetkili kaynak \u015fehit d\u00fc\u015fenlerin cenazelerinin Selemiye ve Hama kentlerindeki devlet hastaneleri morglar\u0131na kald\u0131r\u0131ld\u0131klar\u0131n\u0131 s\u00f6yledi.<\/p>\n<p>I\u015e\u0130D ve di\u011fer ter\u00f6r \u00f6rg\u00fctleri girdikleri her yerde ordu taraf\u0131ndan yok edilmeden \u00f6nce sivilleri hedef alma amac\u0131yla \u00f6zel ve kamu m\u00fclklere muhtelif t\u00fcr bomba d\u00fczenekleri ve may\u0131nlar yerle\u015ftiriyor.<\/p>\n<div id='gallery-1' class='gallery galleryid-175486 gallery-columns-4 gallery-size-thumbnail'><figure class='gallery-item'>\n\t\t\t<div class='gallery-icon landscape'>\n\t\t\t\t<a href='https:\/\/archive.sana.sy\/tr\/wp-content\/uploads\/2019\/02\/003-11.jpg'><img loading=\"lazy\" decoding=\"async\" width=\"150\" height=\"96\" src=\"https:\/\/archive.sana.sy\/tr\/wp-content\/uploads\/2019\/02\/003-11-150x96.jpg\" class=\"attachment-thumbnail size-thumbnail\" alt=\"\" srcset=\"https:\/\/archive.sana.sy\/tr\/wp-content\/uploads\/2019\/02\/003-11-150x96.jpg 150w, https:\/\/archive.sana.sy\/tr\/wp-content\/uploads\/2019\/02\/003-11-300x192.jpg 300w, https:\/\/archive.sana.sy\/tr\/wp-content\/uploads\/2019\/02\/003-11-768x492.jpg 768w, https:\/\/archive.sana.sy\/tr\/wp-content\/uploads\/2019\/02\/003-11-1024x655.jpg 1024w\" sizes=\"auto, (max-width: 150px) 100vw, 150px\" \/><\/a>\n\t\t\t<\/div><\/figure><figure class='gallery-item'>\n\t\t\t<div class='gallery-icon landscape'>\n\t\t\t\t<a href='https:\/\/archive.sana.sy\/tr\/wp-content\/uploads\/2019\/02\/004-11.jpg'><img loading=\"lazy\" decoding=\"async\" width=\"150\" height=\"96\" src=\"https:\/\/archive.sana.sy\/tr\/wp-content\/uploads\/2019\/02\/004-11-150x96.jpg\" class=\"attachment-thumbnail size-thumbnail\" alt=\"\" srcset=\"https:\/\/archive.sana.sy\/tr\/wp-content\/uploads\/2019\/02\/004-11-150x96.jpg 150w, https:\/\/archive.sana.sy\/tr\/wp-content\/uploads\/2019\/02\/004-11-300x192.jpg 300w, https:\/\/archive.sana.sy\/tr\/wp-content\/uploads\/2019\/02\/004-11-768x492.jpg 768w, https:\/\/archive.sana.sy\/tr\/wp-content\/uploads\/2019\/02\/004-11-1024x655.jpg 1024w\" sizes=\"auto, (max-width: 150px) 100vw, 150px\" \/><\/a>\n\t\t\t<\/div><\/figure><figure class='gallery-item'>\n\t\t\t<div class='gallery-icon landscape'>\n\t\t\t\t<a href='https:\/\/archive.sana.sy\/tr\/wp-content\/uploads\/2019\/02\/0044-1.jpg'><img loading=\"lazy\" decoding=\"async\" width=\"150\" height=\"85\" src=\"https:\/\/archive.sana.sy\/tr\/wp-content\/uploads\/2019\/02\/0044-1-150x85.jpg\" class=\"attachment-thumbnail size-thumbnail\" alt=\"\" srcset=\"https:\/\/archive.sana.sy\/tr\/wp-content\/uploads\/2019\/02\/0044-1-150x85.jpg 150w, https:\/\/archive.sana.sy\/tr\/wp-content\/uploads\/2019\/02\/0044-1-300x171.jpg 300w, https:\/\/archive.sana.sy\/tr\/wp-content\/uploads\/2019\/02\/0044-1-768x437.jpg 768w, https:\/\/archive.sana.sy\/tr\/wp-content\/uploads\/2019\/02\/0044-1-1024x583.jpg 1024w\" sizes=\"auto, (max-width: 150px) 100vw, 150px\" \/><\/a>\n\t\t\t<\/div><\/figure><figure class='gallery-item'>\n\t\t\t<div class='gallery-icon landscape'>\n\t\t\t\t<a href='https:\/\/archive.sana.sy\/tr\/wp-content\/uploads\/2019\/02\/00111-1.jpg'><img loading=\"lazy\" decoding=\"async\" width=\"150\" height=\"85\" src=\"https:\/\/archive.sana.sy\/tr\/wp-content\/uploads\/2019\/02\/00111-1-150x85.jpg\" class=\"attachment-thumbnail size-thumbnail\" alt=\"\" srcset=\"https:\/\/archive.sana.sy\/tr\/wp-content\/uploads\/2019\/02\/00111-1-150x85.jpg 150w, https:\/\/archive.sana.sy\/tr\/wp-content\/uploads\/2019\/02\/00111-1-300x171.jpg 300w, https:\/\/archive.sana.sy\/tr\/wp-content\/uploads\/2019\/02\/00111-1-768x437.jpg 768w, https:\/\/archive.sana.sy\/tr\/wp-content\/uploads\/2019\/02\/00111-1-1024x583.jpg 1024w\" sizes=\"auto, (max-width: 150px) 100vw, 150px\" \/><\/a>\n\t\t\t<\/div><\/figure>\n\t\t<\/div>\n\n","protected":false},"excerpt":{"rendered":"<p>HAMA \u2013 Hama \u0130linin do\u011fusu Selemiye k\u0131rsal\u0131 Izeyb Vadisinde i\u015f\u00e7ileri ta\u015f\u0131yan bir arac\u0131n ge\u00e7i\u015fi s\u0131ras\u0131nda I\u015e\u0130D\u2019ten kalma bir may\u0131n patlad\u0131. Hama \u0130l Emniyet M\u00fcd\u00fcrl\u00fc\u011f\u00fcnde yetkili bir kaynak Bistana ve Serha k\u00f6ylerinden yermantar\u0131 (tr\u00fcf) toplayan i\u015f\u00e7ileri ta\u015f\u0131yan bir arac\u0131n ge\u00e7i\u015fi s\u0131ras\u0131nda patlayan may\u0131nda 20\u2019den fazla i\u015f\u00e7inin \u015fehit d\u00fc\u015ft\u00fcklerini belirtti. Yetkili kaynak \u015fehit d\u00fc\u015fenlerin cenazelerinin Selemiye ve &hellip;<\/p>\n","protected":false},"author":1,"featured_media":175519,"comment_status":"closed","ping_status":"closed","sticky":false,"template":"","format":"standard","meta":{"footnotes":""},"categories":[596,479,575,17988,478],"tags":[],"class_list":["post-175486","post","type-post","status-publish","format-standard","has-post-thumbnail","","category-fotografli-raporlar","category-haberler-yerel","category-olaylar-ve-gercekler","category-son-haberler","category-yerel"],"_links":{"self":[{"href":"https:\/\/archive.sana.sy\/tr\/index.php?rest_route=\/wp\/v2\/posts\/175486","targetHints":{"allow":["GET"]}}],"collection":[{"href":"https:\/\/archive.sana.sy\/tr\/index.php?rest_route=\/wp\/v2\/posts"}],"about":[{"href":"https:\/\/archive.sana.sy\/tr\/index.php?rest_route=\/wp\/v2\/types\/post"}],"author":[{"embeddable":true,"href":"https:\/\/archive.sana.sy\/tr\/index.php?rest_route=\/wp\/v2\/users\/1"}],"replies":[{"embeddable":true,"href":"https:\/\/archive.sana.sy\/tr\/index.php?rest_route=%2Fwp%2Fv2%2Fcomments&post=175486"}],"version-history":[{"count":0,"href":"https:\/\/archive.sana.sy\/tr\/index.php?rest_route=\/wp\/v2\/posts\/175486\/revisions"}],"wp:featuredmedia":[{"embeddable":true,"href":"https:\/\/archive.sana.sy\/tr\/index.php?rest_route=\/wp\/v2\/media\/175519"}],"wp:attachment":[{"href":"https:\/\/archive.sana.sy\/tr\/index.php?rest_route=%2Fwp%2Fv2%2Fmedia&parent=175486"}],"wp:term":[{"taxonomy":"category","embeddable":true,"href":"https:\/\/archive.sana.sy\/tr\/index.php?rest_route=%2Fwp%2Fv2%2Fcategories&post=175486"},{"taxonomy":"post_tag","embeddable":true,"href":"https:\/\/archive.sana.sy\/tr\/index.php?rest_route=%2Fwp%2Fv2%2Ftags&post=175486"}],"curies":[{"name":"wp","href":"https:\/\/api.w.org\/{rel}","templated":true}]}}