{"id":175521,"date":"2019-02-24T13:00:21","date_gmt":"2019-02-24T11:00:21","guid":{"rendered":"http:\/\/www.sana.sy\/tr\/?p=175521"},"modified":"2019-02-24T13:03:35","modified_gmt":"2019-02-24T11:03:35","slug":"sana-muhabiri-ordu-birliklerimizin-hama-kirsalinin-kuzeyi-latamina-ve-hasraya-beldeleri-kenarlarinda-gerginligi-azaltma-anlasmasini-ihlal-eden-ve-civardaki-sivil-yerlesim-alanlarina-saldiran-teroristl","status":"publish","type":"post","link":"https:\/\/archive.sana.sy\/tr\/?p=175521","title":{"rendered":"SANA muhabiri ordu birliklerimizin Hama k\u0131rsal\u0131n\u0131n kuzeyi Latamina ve Hasraya beldeleri kenarlar\u0131nda gerginli\u011fi azaltma anla\u015fmas\u0131n\u0131 ihlal eden ve civardaki sivil yerle\u015fim alanlar\u0131na sald\u0131ran ter\u00f6ristlere kar\u015f\u0131 koyup onlar\u0131 a\u011f\u0131r kay\u0131plara u\u011fratt\u0131klar\u0131n\u0131 aktard\u0131."},"content":{"rendered":"<p>SANA muhabiri ordu birliklerimizin Hama k\u0131rsal\u0131n\u0131n kuzeyi Latamina ve Hasraya beldeleri kenarlar\u0131nda gerginli\u011fi azaltma anla\u015fmas\u0131n\u0131 ihlal eden ve civardaki sivil yerle\u015fim alanlar\u0131na sald\u0131ran ter\u00f6ristlere kar\u015f\u0131 koyup onlar\u0131 a\u011f\u0131r kay\u0131plara u\u011fratt\u0131klar\u0131n\u0131 aktard\u0131.<\/p>\n","protected":false},"excerpt":{"rendered":"<p>SANA muhabiri ordu birliklerimizin Hama k\u0131rsal\u0131n\u0131n kuzeyi Latamina ve Hasraya beldeleri kenarlar\u0131nda gerginli\u011fi azaltma anla\u015fmas\u0131n\u0131 ihlal eden ve civardaki sivil yerle\u015fim alanlar\u0131na sald\u0131ran ter\u00f6ristlere kar\u015f\u0131 koyup onlar\u0131 a\u011f\u0131r kay\u0131plara u\u011fratt\u0131klar\u0131n\u0131 aktard\u0131.<\/p>\n","protected":false},"author":1,"featured_media":0,"comment_status":"closed","ping_status":"closed","sticky":false,"template":"","format":"standard","meta":{"footnotes":""},"categories":[17991],"tags":[],"class_list":["post-175521","post","type-post","status-publish","format-standard","","category-son-dakika"],"_links":{"self":[{"href":"https:\/\/archive.sana.sy\/tr\/index.php?rest_route=\/wp\/v2\/posts\/175521","targetHints":{"allow":["GET"]}}],"collection":[{"href":"https:\/\/archive.sana.sy\/tr\/index.php?rest_route=\/wp\/v2\/posts"}],"about":[{"href":"https:\/\/archive.sana.sy\/tr\/index.php?rest_route=\/wp\/v2\/types\/post"}],"author":[{"embeddable":true,"href":"https:\/\/archive.sana.sy\/tr\/index.php?rest_route=\/wp\/v2\/users\/1"}],"replies":[{"embeddable":true,"href":"https:\/\/archive.sana.sy\/tr\/index.php?rest_route=%2Fwp%2Fv2%2Fcomments&post=175521"}],"version-history":[{"count":0,"href":"https:\/\/archive.sana.sy\/tr\/index.php?rest_route=\/wp\/v2\/posts\/175521\/revisions"}],"wp:attachment":[{"href":"https:\/\/archive.sana.sy\/tr\/index.php?rest_route=%2Fwp%2Fv2%2Fmedia&parent=175521"}],"wp:term":[{"taxonomy":"category","embeddable":true,"href":"https:\/\/archive.sana.sy\/tr\/index.php?rest_route=%2Fwp%2Fv2%2Fcategories&post=175521"},{"taxonomy":"post_tag","embeddable":true,"href":"https:\/\/archive.sana.sy\/tr\/index.php?rest_route=%2Fwp%2Fv2%2Ftags&post=175521"}],"curies":[{"name":"wp","href":"https:\/\/api.w.org\/{rel}","templated":true}]}}