{"id":175575,"date":"2019-02-25T15:45:43","date_gmt":"2019-02-25T13:45:43","guid":{"rendered":"http:\/\/www.sana.sy\/tr\/?p=175575"},"modified":"2019-02-26T14:37:59","modified_gmt":"2019-02-26T12:37:59","slug":"ihlalleri-ve-sivillere-gaddar-fuze-saldirilari-devam-ediyor","status":"publish","type":"post","link":"https:\/\/archive.sana.sy\/tr\/?p=175575","title":{"rendered":"\u0130hlalleri ve Sivillere Gaddar F\u00fcze Sald\u0131r\u0131lar\u0131 Devam Ediyor"},"content":{"rendered":"<p>HAMA \u2013 \u0130dlib ve hama k\u0131rsallar\u0131nda belli ba\u015fl\u0131 d\u0131\u015f g\u00fc\u00e7lerin destek ve talimatlar\u0131yla hareket eden ter\u00f6ristlerin gerginli\u011fi azaltma anla\u015fmas\u0131na ihlalleri ve sivillere gaddar f\u00fcze sald\u0131r\u0131lar\u0131 devam ediyor.<\/p>\n<p>SANA\u2019n\u0131n Hama muhabiri Hama k\u0131rsal\u0131n\u0131n kuzeyinde bulunan ter\u00f6ristlerin Selhab, Skaylbiye ve Mharde kentlerinde sivillerin evlerine 7 f\u00fcze ile sald\u0131rd\u0131klar\u0131n\u0131 belirtti. Muhabir gaddar ter\u00f6r sald\u0131r\u0131lar\u0131nda be\u015feri isabetlerin olmad\u0131\u011f\u0131n\u0131 ifade ederken, fakat ev ve di\u011fer m\u00fclklerde ciddi maddi hasarlar\u0131n meydana geldi\u011fine dikkat \u00e7ekti.<\/p>\n<p>SANA muhabiri Hama k\u0131rsal\u0131n\u0131n kuzeyindeki ter\u00f6ristlerin Skaylbiye Kentini gaddar f\u00fczelerle hedef almalar\u0131 sonucunda 1 sivil vatanda\u015f\u0131n \u015fehit, 5 vatanda\u015f\u0131n da yaraland\u0131\u011f\u0131n\u0131 aktard\u0131.<\/p>\n<p>Ordu birliklerimizin sald\u0131r\u0131larda bulunan ter\u00f6ristlerin Latamina Kentindeki mevkilerini tespit ettiklerini belirten muhabir, ter\u00f6ristlerin sivillere sald\u0131r\u0131lar\u0131nda kulland\u0131klar\u0131 f\u00fcze rampalar\u0131 ve metrislerinin i\u00e7inde bulunan ter\u00f6ristler ve cephaneyle birlikte imha edildiklerini s\u00f6yledi.<\/p>\n","protected":false},"excerpt":{"rendered":"<p>HAMA \u2013 \u0130dlib ve hama k\u0131rsallar\u0131nda belli ba\u015fl\u0131 d\u0131\u015f g\u00fc\u00e7lerin destek ve talimatlar\u0131yla hareket eden ter\u00f6ristlerin gerginli\u011fi azaltma anla\u015fmas\u0131na ihlalleri ve sivillere gaddar f\u00fcze sald\u0131r\u0131lar\u0131 devam ediyor. SANA\u2019n\u0131n Hama muhabiri Hama k\u0131rsal\u0131n\u0131n kuzeyinde bulunan ter\u00f6ristlerin Selhab, Skaylbiye ve Mharde kentlerinde sivillerin evlerine 7 f\u00fcze ile sald\u0131rd\u0131klar\u0131n\u0131 belirtti. Muhabir gaddar ter\u00f6r sald\u0131r\u0131lar\u0131nda be\u015feri isabetlerin olmad\u0131\u011f\u0131n\u0131 ifade &hellip;<\/p>\n","protected":false},"author":1,"featured_media":175643,"comment_status":"closed","ping_status":"closed","sticky":false,"template":"","format":"standard","meta":{"footnotes":""},"categories":[479,575,17988,478],"tags":[],"class_list":["post-175575","post","type-post","status-publish","format-standard","has-post-thumbnail","","category-haberler-yerel","category-olaylar-ve-gercekler","category-son-haberler","category-yerel"],"_links":{"self":[{"href":"https:\/\/archive.sana.sy\/tr\/index.php?rest_route=\/wp\/v2\/posts\/175575","targetHints":{"allow":["GET"]}}],"collection":[{"href":"https:\/\/archive.sana.sy\/tr\/index.php?rest_route=\/wp\/v2\/posts"}],"about":[{"href":"https:\/\/archive.sana.sy\/tr\/index.php?rest_route=\/wp\/v2\/types\/post"}],"author":[{"embeddable":true,"href":"https:\/\/archive.sana.sy\/tr\/index.php?rest_route=\/wp\/v2\/users\/1"}],"replies":[{"embeddable":true,"href":"https:\/\/archive.sana.sy\/tr\/index.php?rest_route=%2Fwp%2Fv2%2Fcomments&post=175575"}],"version-history":[{"count":0,"href":"https:\/\/archive.sana.sy\/tr\/index.php?rest_route=\/wp\/v2\/posts\/175575\/revisions"}],"wp:featuredmedia":[{"embeddable":true,"href":"https:\/\/archive.sana.sy\/tr\/index.php?rest_route=\/wp\/v2\/media\/175643"}],"wp:attachment":[{"href":"https:\/\/archive.sana.sy\/tr\/index.php?rest_route=%2Fwp%2Fv2%2Fmedia&parent=175575"}],"wp:term":[{"taxonomy":"category","embeddable":true,"href":"https:\/\/archive.sana.sy\/tr\/index.php?rest_route=%2Fwp%2Fv2%2Fcategories&post=175575"},{"taxonomy":"post_tag","embeddable":true,"href":"https:\/\/archive.sana.sy\/tr\/index.php?rest_route=%2Fwp%2Fv2%2Ftags&post=175575"}],"curies":[{"name":"wp","href":"https:\/\/api.w.org\/{rel}","templated":true}]}}