{"id":175669,"date":"2019-02-25T20:39:54","date_gmt":"2019-02-25T18:39:54","guid":{"rendered":"http:\/\/www.sana.sy\/tr\/?p=175669"},"modified":"2019-02-26T16:47:53","modified_gmt":"2019-02-26T14:47:53","slug":"tahrana-yaptigi-is-ziyaretinde-cumhurbaskani-esad-iran-islan-devrimi-yuksek-lideri-ile-bir-araya-geldi","status":"publish","type":"post","link":"https:\/\/archive.sana.sy\/tr\/?p=175669","title":{"rendered":"Esad Tahran&#8217;da Haminei ve Ruhani ile Temaslarda bulundu (video)"},"content":{"rendered":"<p style=\"text-align: left;\">TAHRAN &#8211; Cumhurba\u015fkan\u0131 Be\u015f\u015far el Esad bug\u00fcn Tahran&#8217;da \u0130ran \u0130slam Devrimi Y\u00fcksek Lideri Ayetullah Ali Haminei ve \u0130ran Cumhurba\u015fkan\u0131 Hasan Ruhani ile bir araya gelerek b\u00f6lge ve uluslararas\u0131 son durum ve geli\u015fmeleri de\u011ferlendirdi.<\/p>\n<p><span style=\"color: #0000ff;\">B\u00f6lge Devletleri ve H\u00fck\u00fcmetleri Halklar\u0131n\u0131n \u00c7\u0131karlar\u0131n\u0131 Savunmal\u0131lar<\/span><\/p>\n<p style=\"text-align: left;\">Suriye ve b\u00f6lgedeki son durum ve geli\u015fmelerin ele al\u0131nd\u0131\u011f\u0131 g\u00f6r\u00fc\u015fmede Cumhurba\u015fkan\u0131 el Esad; b\u00f6lge halklar\u0131n\u0131n \u00e7\u0131karlar\u0131n\u0131 koruyup kollamak i\u00e7in h\u00fck\u00fcmetlerin \u00f6zellikle ABD olmak \u00fczere Bat\u0131l\u0131 baz\u0131 \u00fclkelerin sinsi planlar\u0131na uymamalar\u0131 gerekti\u011fini belirtti.<\/p>\n<p style=\"text-align: left;\">El Esad devletlerin egemenli\u011fine sayg\u0131 duyulmas\u0131 ve i\u00e7 i\u015flerine m\u00fcdahale edilmemesine dayanan dengeli politikalar benimsenilmesi gerekti\u011fini kaydetti. Hegemonyac\u0131 ve s\u00f6m\u00fcr\u00fcc\u00fc devletlerin dayatmalar\u0131na boyun e\u011fmenin tehlikeli sonu\u00e7lar\u0131na dikkat \u00e7eken el Esad; devletlerin kararlar\u0131nda egemen olmalar\u0131n\u0131n ve halklar\u0131n\u0131n \u00e7\u0131karlar\u0131n\u0131 savunmalar\u0131n\u0131n \u00f6neminin alt\u0131n\u0131 \u00e7izdi.<\/p>\n<p style=\"text-align: left;\"><a href=\"http:\/\/www.sana.sy\/tr\/wp-content\/uploads\/2019\/02\/10-4.jpg\"><img loading=\"lazy\" decoding=\"async\" class=\"alignright wp-image-175672 size-medium\" src=\"http:\/\/www.sana.sy\/tr\/wp-content\/uploads\/2019\/02\/10-4-300x227.jpg\" alt=\"\" width=\"300\" height=\"227\" srcset=\"https:\/\/archive.sana.sy\/tr\/wp-content\/uploads\/2019\/02\/10-4-300x227.jpg 300w, https:\/\/archive.sana.sy\/tr\/wp-content\/uploads\/2019\/02\/10-4-150x113.jpg 150w, https:\/\/archive.sana.sy\/tr\/wp-content\/uploads\/2019\/02\/10-4-768x581.jpg 768w, https:\/\/archive.sana.sy\/tr\/wp-content\/uploads\/2019\/02\/10-4-1024x775.jpg 1024w\" sizes=\"auto, (max-width: 300px) 100vw, 300px\" \/><\/a>Cumhurba\u015fkan\u0131 el Esad Haminei ve dost \u0130ran halk\u0131n\u0131 son 40 y\u0131lda halk\u0131n \u00e7\u0131karlar\u0131n\u0131 kollayan ve her t\u00fcrl\u00fc d\u0131\u015f m\u00fcdahaleye kar\u015f\u0131 ba\u011f\u0131\u015f\u0131kl\u0131k kazand\u0131r\u0131p g\u00fc\u00e7l\u00fc bir devlet in\u015fa etme modeli te\u015fkil eden \u0130ran \u0130slam Devriminin 40. y\u0131l d\u00f6n\u00fcm\u00fcn\u00fc kutlad\u0131.<\/p>\n<p style=\"text-align: left;\">G\u00f6r\u00fc\u015fmede iki \u00fclke ve halklar\u0131 aras\u0131ndaki karde\u015flik ili\u015fkileri g\u00f6zden peki\u015ftirme olanaklar\u0131 g\u00f6zden ge\u00e7irildi. El Esad ve Haminei ikili ili\u015fkilerin Suriye ve \u0130ran&#8217;\u0131n zay\u0131flat\u0131lmalar\u0131, istikrarlar\u0131n\u0131n bozulmas\u0131 ve t\u00fcm b\u00f6lgede kaosun yay\u0131lmas\u0131n\u0131 ama\u00e7layan d\u00fc\u015fman \u00fclkelerin planlar\u0131na kar\u015f\u0131 m\u00fccadelelerinde temel etken oldu\u011funu ifade ettiler.<\/p>\n<p style=\"text-align: left;\">Kendi y\u00f6n\u00fcnden Haminei Cumhurba\u015fkan\u0131 el Esad&#8217;\u0131, Suriye halk\u0131n\u0131, kahraman ordusu ve silahl\u0131 kuvvetlerini ter\u00f6re kar\u015f\u0131 kazan\u0131lan zaferlerden dolay\u0131 tebrik etti. Bu zaferlerin b\u00f6lgede ABD ve ba\u015fta \u0130srail olmak \u00fczere m\u00fcttefiklerinin b\u00f6lge ve halklar\u0131n\u0131 hedef alan projelerine \u00e7ok sert bir darbe indirdi\u011fini ifade eden Haminei; bu s\u00fcre\u00e7te daha fazla ihtiyatl\u0131 davran\u0131lmas\u0131 gerekti\u011fine dikkat \u00e7ekti. Haminei \u00e7\u00fcnk\u00fc gelecek a\u015famada s\u00f6z konusu devletlerin ba\u015far\u0131s\u0131zl\u0131klar\u0131na tepki olarak sinsi planlar haz\u0131rlayabileceklerine i\u015faret etti.<\/p>\n<p style=\"text-align: left;\">\u0130ran \u0130slam Devrimi Y\u00fcksek Lideri Haminei \u00fclkesinin\u00a0 afiyetini kazanmas\u0131 ve ter\u00f6r\u00fc nihai bir \u015fekilde bitirene kadar Suriye&#8217;nin yan\u0131nda duraca\u011f\u0131n\u0131 belirtirken Suriye ve \u0130ran aras\u0131ndaki stratejik derinli\u011fe vurgu yapt\u0131.<\/p>\n<p style=\"text-align: left;\">Her iki taraf \u00f6zellikle Suriye ve \u0130ran&#8217;a kar\u015f\u0131 olmak \u00fczere Bat\u0131l\u0131 baz\u0131 \u00fclkelerin b\u00f6lge \u00fclkeleri ve halklar\u0131na kar\u015f\u0131 izledikleri t\u0131rmand\u0131rma ve kaosu yayma \u00e7abalar\u0131na kar\u015f\u0131 m\u00fccadelenin azim ve kararl\u0131l\u0131kla devam edece\u011finin alt\u0131n\u0131 \u00e7izdi. \u0130ki \u00fclke ve halklar\u0131n\u0131n \u00e7\u0131karlar\u0131n\u0131 kollay\u0131p savunma kararl\u0131l\u0131\u011f\u0131ndan cayman\u0131n m\u00fcmk\u00fcn olmad\u0131\u011f\u0131n\u0131 ifade eden el Esad ve Haminei; b\u00f6lge ve halklar\u0131n\u0131n sorunlar\u0131n\u0131 \u00e7\u00f6zme ve hakl\u0131 davalar\u0131n\u0131 savunmaktan hi\u00e7 bir ko\u015ful alt\u0131nda vazge\u00e7meyeceklerini vurgulad\u0131.<\/p>\n<p style=\"text-align: left;\"><span style=\"color: #0000ff;\">Ruhani: Suriye&#8217;nin Zaferi T\u00fcm \u0130slam Aleminin Zaferidir<\/span><\/p>\n<p style=\"text-align: left;\">Cumhurba\u015fkan\u0131 el Esad Tahran ziyaretinde \u0130ran \u0130slam Devrimi Y\u00fcksek Lideri Haminei ile g\u00f6r\u00fc\u015fmesinden sonra \u0130ran Cumhurba\u015fkan\u0131 Hasan Ruhani ile bir araya geldi. G\u00f6r\u00fc\u015fmede el Esad ve Ruhani her iki \u00fclkenin muhtelif alanlarda ili\u015fkilerde vard\u0131klar\u0131 stratejik d\u00fczeyden dolay\u0131 memnuniyetlerini ifade etti.<\/p>\n<p style=\"text-align: left;\"><a href=\"http:\/\/www.sana.sy\/tr\/wp-content\/uploads\/2019\/02\/11-3.jpg\"><img loading=\"lazy\" decoding=\"async\" class=\"alignright wp-image-175674 size-medium\" src=\"http:\/\/www.sana.sy\/tr\/wp-content\/uploads\/2019\/02\/11-3-261x300.jpg\" alt=\"\" width=\"261\" height=\"300\" srcset=\"https:\/\/archive.sana.sy\/tr\/wp-content\/uploads\/2019\/02\/11-3-261x300.jpg 261w, https:\/\/archive.sana.sy\/tr\/wp-content\/uploads\/2019\/02\/11-3-130x150.jpg 130w, https:\/\/archive.sana.sy\/tr\/wp-content\/uploads\/2019\/02\/11-3-768x884.jpg 768w, https:\/\/archive.sana.sy\/tr\/wp-content\/uploads\/2019\/02\/11-3-889x1024.jpg 889w\" sizes=\"auto, (max-width: 261px) 100vw, 261px\" \/><\/a>Cumhurba\u015fkan\u0131 el Esad Suriye ve halk\u0131na y\u00f6nelik muhtelif y\u00f6nl\u00fc bu sava\u015fta destek ve yard\u0131mlar\u0131ndan dolay\u0131 devlet ve halk olarak \u0130ran&#8217;a \u015f\u00fckranlar\u0131n\u0131 sundu.<\/p>\n<p style=\"text-align: left;\">Ruhani ise \u0130ran&#8217;\u0131n devlet ve halk olarak Suriye&#8217;nin yan\u0131nda durmalar\u0131n\u0131n, ter\u00f6re kar\u015f\u0131 m\u00fccadele eden ilkeli ve me\u015fru tutumlar\u0131ndan kaynakland\u0131\u011f\u0131n\u0131 s\u00f6yledi.<\/p>\n<p style=\"text-align: left;\">\u0130ran Cumhurba\u015fkan\u0131 Ruhani; &#8220;Suriye&#8217;nin radikal ve uluslararas\u0131 ter\u00f6re kar\u015f\u0131 kazand\u0131\u011f\u0131 zaferlerin \u0130ran ve t\u00fcm \u0130slam aleminin zaferidir&#8230;&#8221; ifadesini kulland\u0131. \u0130ran&#8217;\u0131n Suriye ve halk\u0131n\u0131n ter\u00f6rden tamamen kurtulmalar\u0131na dek yard\u0131m ve deste\u011fini s\u00fcrd\u00fcrme kararl\u0131l\u0131\u011f\u0131n\u0131 ifade eden Ruhani; ayn\u0131 zamanda yeniden yap\u0131land\u0131rma s\u00fcrecinde de gereken yard\u0131m ve deste\u011fi s\u00fcrd\u00fcrece\u011fini s\u00f6yledi.<\/p>\n<p style=\"text-align: left;\">G\u00f6r\u00fc\u015fmede Suriye&#8217;ye kar\u015f\u0131 sava\u015f\u0131 sona erdirmek i\u00e7in Astana \u00e7er\u00e7evesinde harcanan \u00e7abalar ele al\u0131n\u0131rken Ruhani, garant\u00f6r \u00fclkeler Rusya, \u0130ran ve T\u00fcrkiye&#8217;nin son olarak So\u00e7i&#8217;de d\u00fczenledikleri zirve g\u00fcndemi ve sonu\u00e7lar\u0131 hakk\u0131nda el Esad&#8217;a bilgi aktard\u0131.<\/p>\n<p style=\"text-align: left;\">Cumhurba\u015fkanlar\u0131 el Esad ve Ruhani Suriye&#8217;nin toprak ve halk b\u00fct\u00fcnl\u00fcklerinin yan\u0131 s\u0131ra egemenlik ve ba\u011f\u0131ms\u0131zl\u0131\u011f\u0131n\u0131 koruyacak; topraklar\u0131n\u0131n tamam\u0131n\u0131n ter\u00f6r ve destek\u00e7ilerinden kurtulmas\u0131 y\u00f6n\u00fcnde arzu edilen ilerlemelerin kaydedilmesi i\u00e7in g\u00f6r\u00fc\u015f birli\u011fi kaydettiler. Ayn\u0131 zamanda iki \u00fclke ve dost halklar\u0131n\u0131n\u00a0\u00e7\u0131karlar\u0131 do\u011frultusunda her iki taraf aras\u0131nda b\u00fct\u00fcn d\u00fczeylerde koordinasyon ve i\u015fbirli\u011finin s\u00fcrd\u00fcr\u00fclmesi \u00f6neminde mutabakat sa\u011flad\u0131.<\/p>\n<p style=\"text-align: left;\">Cumhurba\u015fkan\u0131 el Esad \u0130ran&#8217;a bir g\u00fcnl\u00fck i\u015f ziyareti kapsam\u0131nda bug\u00fcn ba\u015fkent Tahran&#8217;a varm\u0131\u015ft\u0131.<\/p>\n<p><iframe loading=\"lazy\" title=\"\u0645\u0646 \u0632\u064a\u0627\u0631\u0629 \u0627\u0644\u0639\u0645\u0644 \u0627\u0644\u062a\u064a \u0642\u0627\u0645 \u0628\u0647\u0627 \u0627\u0644\u0631\u0626\u064a\u0633 \u0627\u0644\u0623\u0633\u062f \u0625\u0644\u0649 \u0637\u0647\u0631\u0627\u0646 \u0627\u0644\u064a\u0648\u0645\" width=\"618\" height=\"348\" src=\"https:\/\/www.youtube.com\/embed\/-GQvjglPvV4?feature=oembed\" frameborder=\"0\" allow=\"accelerometer; autoplay; clipboard-write; encrypted-media; gyroscope; picture-in-picture; web-share\" referrerpolicy=\"strict-origin-when-cross-origin\" allowfullscreen><\/iframe><\/p>\n","protected":false},"excerpt":{"rendered":"<p>TAHRAN &#8211; Cumhurba\u015fkan\u0131 Be\u015f\u015far el Esad bug\u00fcn Tahran&#8217;da \u0130ran \u0130slam Devrimi Y\u00fcksek Lideri Ayetullah Ali Haminei ve \u0130ran Cumhurba\u015fkan\u0131 Hasan Ruhani ile bir araya gelerek b\u00f6lge ve uluslararas\u0131 son durum ve geli\u015fmeleri de\u011ferlendirdi. B\u00f6lge Devletleri ve H\u00fck\u00fcmetleri Halklar\u0131n\u0131n \u00c7\u0131karlar\u0131n\u0131 Savunmal\u0131lar Suriye ve b\u00f6lgedeki son durum ve geli\u015fmelerin ele al\u0131nd\u0131\u011f\u0131 g\u00f6r\u00fc\u015fmede Cumhurba\u015fkan\u0131 el Esad; b\u00f6lge halklar\u0131n\u0131n &hellip;<\/p>\n","protected":false},"author":1,"featured_media":175670,"comment_status":"closed","ping_status":"closed","sticky":false,"template":"","format":"standard","meta":{"footnotes":""},"categories":[458,608,459,605,17988],"tags":[],"class_list":["post-175669","post","type-post","status-publish","format-standard","has-post-thumbnail","","category-dunya1","category-etkinlikler","category-haberler-arap-uluslararasi-politika","category-sayin-cumhurbaskani","category-son-haberler"],"_links":{"self":[{"href":"https:\/\/archive.sana.sy\/tr\/index.php?rest_route=\/wp\/v2\/posts\/175669","targetHints":{"allow":["GET"]}}],"collection":[{"href":"https:\/\/archive.sana.sy\/tr\/index.php?rest_route=\/wp\/v2\/posts"}],"about":[{"href":"https:\/\/archive.sana.sy\/tr\/index.php?rest_route=\/wp\/v2\/types\/post"}],"author":[{"embeddable":true,"href":"https:\/\/archive.sana.sy\/tr\/index.php?rest_route=\/wp\/v2\/users\/1"}],"replies":[{"embeddable":true,"href":"https:\/\/archive.sana.sy\/tr\/index.php?rest_route=%2Fwp%2Fv2%2Fcomments&post=175669"}],"version-history":[{"count":0,"href":"https:\/\/archive.sana.sy\/tr\/index.php?rest_route=\/wp\/v2\/posts\/175669\/revisions"}],"wp:featuredmedia":[{"embeddable":true,"href":"https:\/\/archive.sana.sy\/tr\/index.php?rest_route=\/wp\/v2\/media\/175670"}],"wp:attachment":[{"href":"https:\/\/archive.sana.sy\/tr\/index.php?rest_route=%2Fwp%2Fv2%2Fmedia&parent=175669"}],"wp:term":[{"taxonomy":"category","embeddable":true,"href":"https:\/\/archive.sana.sy\/tr\/index.php?rest_route=%2Fwp%2Fv2%2Fcategories&post=175669"},{"taxonomy":"post_tag","embeddable":true,"href":"https:\/\/archive.sana.sy\/tr\/index.php?rest_route=%2Fwp%2Fv2%2Ftags&post=175669"}],"curies":[{"name":"wp","href":"https:\/\/api.w.org\/{rel}","templated":true}]}}