{"id":175691,"date":"2019-02-26T13:24:31","date_gmt":"2019-02-26T11:24:31","guid":{"rendered":"http:\/\/www.sana.sy\/tr\/?p=175691"},"modified":"2019-02-26T13:24:48","modified_gmt":"2019-02-26T11:24:48","slug":"cumhurbaskani-el-esad-tahran-is-ziyaretinde-iran-cumhurbaskani-ruhani-ve-islam-devrimi-lideri-haminei-ile-temaslarda-bulundu","status":"publish","type":"post","link":"https:\/\/archive.sana.sy\/tr\/?p=175691","title":{"rendered":"Cumhurba\u015fkan\u0131 el Esad Tahran i\u015f ziyaretinde \u0130ran Cumhurba\u015fkan\u0131 Ruhani ve \u0130slam Devrimi Lideri Haminei ile temaslarda bulundu"},"content":{"rendered":"<p>Cumhurba\u015fkan\u0131 el Esad Tahran i\u015f ziyaretinde \u0130ran Cumhurba\u015fkan\u0131 Ruhani ve \u0130slam Devrimi Lideri Haminei ile temaslarda bulundu<\/p>\n<p>&nbsp;<\/p>\n<div id='gallery-1' class='gallery galleryid-175691 gallery-columns-1 gallery-size-large'><figure class='gallery-item'>\n\t\t\t<div class='gallery-icon portrait'>\n\t\t\t\t<a href='https:\/\/archive.sana.sy\/tr\/wp-content\/uploads\/2019\/02\/19.02.25.MP-\u0632\u064a\u0627\u0631\u0629-\u0627\u064a\u0631\u0627\u0646-06.jpg'><img loading=\"lazy\" decoding=\"async\" width=\"618\" height=\"712\" src=\"https:\/\/archive.sana.sy\/tr\/wp-content\/uploads\/2019\/02\/19.02.25.MP-\u0632\u064a\u0627\u0631\u0629-\u0627\u064a\u0631\u0627\u0646-06-889x1024.jpg\" class=\"attachment-large size-large\" alt=\"\" srcset=\"https:\/\/archive.sana.sy\/tr\/wp-content\/uploads\/2019\/02\/19.02.25.MP-\u0632\u064a\u0627\u0631\u0629-\u0627\u064a\u0631\u0627\u0646-06-889x1024.jpg 889w, https:\/\/archive.sana.sy\/tr\/wp-content\/uploads\/2019\/02\/19.02.25.MP-\u0632\u064a\u0627\u0631\u0629-\u0627\u064a\u0631\u0627\u0646-06-130x150.jpg 130w, https:\/\/archive.sana.sy\/tr\/wp-content\/uploads\/2019\/02\/19.02.25.MP-\u0632\u064a\u0627\u0631\u0629-\u0627\u064a\u0631\u0627\u0646-06-261x300.jpg 261w, https:\/\/archive.sana.sy\/tr\/wp-content\/uploads\/2019\/02\/19.02.25.MP-\u0632\u064a\u0627\u0631\u0629-\u0627\u064a\u0631\u0627\u0646-06-768x884.jpg 768w\" sizes=\"auto, (max-width: 618px) 100vw, 618px\" \/><\/a>\n\t\t\t<\/div><\/figure><figure class='gallery-item'>\n\t\t\t<div class='gallery-icon landscape'>\n\t\t\t\t<a href='https:\/\/archive.sana.sy\/tr\/wp-content\/uploads\/2019\/02\/19.02.25.MP-\u0632\u064a\u0627\u0631\u0629-\u0627\u064a\u0631\u0627\u0646-05.jpg'><img loading=\"lazy\" decoding=\"async\" width=\"618\" height=\"468\" src=\"https:\/\/archive.sana.sy\/tr\/wp-content\/uploads\/2019\/02\/19.02.25.MP-\u0632\u064a\u0627\u0631\u0629-\u0627\u064a\u0631\u0627\u0646-05-1024x775.jpg\" class=\"attachment-large size-large\" alt=\"\" srcset=\"https:\/\/archive.sana.sy\/tr\/wp-content\/uploads\/2019\/02\/19.02.25.MP-\u0632\u064a\u0627\u0631\u0629-\u0627\u064a\u0631\u0627\u0646-05-1024x775.jpg 1024w, https:\/\/archive.sana.sy\/tr\/wp-content\/uploads\/2019\/02\/19.02.25.MP-\u0632\u064a\u0627\u0631\u0629-\u0627\u064a\u0631\u0627\u0646-05-150x113.jpg 150w, https:\/\/archive.sana.sy\/tr\/wp-content\/uploads\/2019\/02\/19.02.25.MP-\u0632\u064a\u0627\u0631\u0629-\u0627\u064a\u0631\u0627\u0646-05-300x227.jpg 300w, https:\/\/archive.sana.sy\/tr\/wp-content\/uploads\/2019\/02\/19.02.25.MP-\u0632\u064a\u0627\u0631\u0629-\u0627\u064a\u0631\u0627\u0646-05-768x581.jpg 768w\" sizes=\"auto, (max-width: 618px) 100vw, 618px\" \/><\/a>\n\t\t\t<\/div><\/figure><figure class='gallery-item'>\n\t\t\t<div class='gallery-icon landscape'>\n\t\t\t\t<a href='https:\/\/archive.sana.sy\/tr\/wp-content\/uploads\/2019\/02\/19.02.25.MP-\u0632\u064a\u0627\u0631\u0629-\u0627\u064a\u0631\u0627\u0646-02.jpg'><img loading=\"lazy\" decoding=\"async\" width=\"618\" height=\"427\" src=\"https:\/\/archive.sana.sy\/tr\/wp-content\/uploads\/2019\/02\/19.02.25.MP-\u0632\u064a\u0627\u0631\u0629-\u0627\u064a\u0631\u0627\u0646-02-1024x708.jpg\" class=\"attachment-large size-large\" alt=\"\" srcset=\"https:\/\/archive.sana.sy\/tr\/wp-content\/uploads\/2019\/02\/19.02.25.MP-\u0632\u064a\u0627\u0631\u0629-\u0627\u064a\u0631\u0627\u0646-02-1024x708.jpg 1024w, https:\/\/archive.sana.sy\/tr\/wp-content\/uploads\/2019\/02\/19.02.25.MP-\u0632\u064a\u0627\u0631\u0629-\u0627\u064a\u0631\u0627\u0646-02-150x104.jpg 150w, https:\/\/archive.sana.sy\/tr\/wp-content\/uploads\/2019\/02\/19.02.25.MP-\u0632\u064a\u0627\u0631\u0629-\u0627\u064a\u0631\u0627\u0646-02-300x207.jpg 300w, https:\/\/archive.sana.sy\/tr\/wp-content\/uploads\/2019\/02\/19.02.25.MP-\u0632\u064a\u0627\u0631\u0629-\u0627\u064a\u0631\u0627\u0646-02-768x531.jpg 768w, https:\/\/archive.sana.sy\/tr\/wp-content\/uploads\/2019\/02\/19.02.25.MP-\u0632\u064a\u0627\u0631\u0629-\u0627\u064a\u0631\u0627\u0646-02-110x75.jpg 110w\" sizes=\"auto, (max-width: 618px) 100vw, 618px\" \/><\/a>\n\t\t\t<\/div><\/figure><figure class='gallery-item'>\n\t\t\t<div class='gallery-icon landscape'>\n\t\t\t\t<a href='https:\/\/archive.sana.sy\/tr\/wp-content\/uploads\/2019\/02\/19.02.25.MP-\u0632\u064a\u0627\u0631\u0629-\u0627\u064a\u0631\u0627\u0646-01.jpg'><img loading=\"lazy\" decoding=\"async\" width=\"618\" height=\"438\" src=\"https:\/\/archive.sana.sy\/tr\/wp-content\/uploads\/2019\/02\/19.02.25.MP-\u0632\u064a\u0627\u0631\u0629-\u0627\u064a\u0631\u0627\u0646-01-1024x726.jpg\" class=\"attachment-large size-large\" alt=\"\" srcset=\"https:\/\/archive.sana.sy\/tr\/wp-content\/uploads\/2019\/02\/19.02.25.MP-\u0632\u064a\u0627\u0631\u0629-\u0627\u064a\u0631\u0627\u0646-01-1024x726.jpg 1024w, https:\/\/archive.sana.sy\/tr\/wp-content\/uploads\/2019\/02\/19.02.25.MP-\u0632\u064a\u0627\u0631\u0629-\u0627\u064a\u0631\u0627\u0646-01-150x106.jpg 150w, https:\/\/archive.sana.sy\/tr\/wp-content\/uploads\/2019\/02\/19.02.25.MP-\u0632\u064a\u0627\u0631\u0629-\u0627\u064a\u0631\u0627\u0646-01-300x213.jpg 300w, https:\/\/archive.sana.sy\/tr\/wp-content\/uploads\/2019\/02\/19.02.25.MP-\u0632\u064a\u0627\u0631\u0629-\u0627\u064a\u0631\u0627\u0646-01-768x545.jpg 768w\" sizes=\"auto, (max-width: 618px) 100vw, 618px\" \/><\/a>\n\t\t\t<\/div><\/figure>\n\t\t<\/div>\n\n<p>&nbsp;<\/p>\n","protected":false},"excerpt":{"rendered":"<p>Cumhurba\u015fkan\u0131 el Esad Tahran i\u015f ziyaretinde \u0130ran Cumhurba\u015fkan\u0131 Ruhani ve \u0130slam Devrimi Lideri Haminei ile temaslarda bulundu &nbsp; &nbsp;<\/p>\n","protected":false},"author":1,"featured_media":175693,"comment_status":"closed","ping_status":"closed","sticky":false,"template":"","format":"standard","meta":{"footnotes":""},"categories":[6459],"tags":[],"class_list":["post-175691","post","type-post","status-publish","format-standard","has-post-thumbnail","","category-sana-fotolarl"],"_links":{"self":[{"href":"https:\/\/archive.sana.sy\/tr\/index.php?rest_route=\/wp\/v2\/posts\/175691","targetHints":{"allow":["GET"]}}],"collection":[{"href":"https:\/\/archive.sana.sy\/tr\/index.php?rest_route=\/wp\/v2\/posts"}],"about":[{"href":"https:\/\/archive.sana.sy\/tr\/index.php?rest_route=\/wp\/v2\/types\/post"}],"author":[{"embeddable":true,"href":"https:\/\/archive.sana.sy\/tr\/index.php?rest_route=\/wp\/v2\/users\/1"}],"replies":[{"embeddable":true,"href":"https:\/\/archive.sana.sy\/tr\/index.php?rest_route=%2Fwp%2Fv2%2Fcomments&post=175691"}],"version-history":[{"count":0,"href":"https:\/\/archive.sana.sy\/tr\/index.php?rest_route=\/wp\/v2\/posts\/175691\/revisions"}],"wp:featuredmedia":[{"embeddable":true,"href":"https:\/\/archive.sana.sy\/tr\/index.php?rest_route=\/wp\/v2\/media\/175693"}],"wp:attachment":[{"href":"https:\/\/archive.sana.sy\/tr\/index.php?rest_route=%2Fwp%2Fv2%2Fmedia&parent=175691"}],"wp:term":[{"taxonomy":"category","embeddable":true,"href":"https:\/\/archive.sana.sy\/tr\/index.php?rest_route=%2Fwp%2Fv2%2Fcategories&post=175691"},{"taxonomy":"post_tag","embeddable":true,"href":"https:\/\/archive.sana.sy\/tr\/index.php?rest_route=%2Fwp%2Fv2%2Ftags&post=175691"}],"curies":[{"name":"wp","href":"https:\/\/api.w.org\/{rel}","templated":true}]}}