{"id":175705,"date":"2019-02-26T13:58:13","date_gmt":"2019-02-26T11:58:13","guid":{"rendered":"http:\/\/www.sana.sy\/tr\/?p=175705"},"modified":"2019-02-26T13:58:13","modified_gmt":"2019-02-26T11:58:13","slug":"sana-muhbiri-deyrezzor-kirsali-sula-bolgesinde-isidten-kalma-bir-mayin-patlamasi-sonucunda-bir-sehit-ve-10-kisi-yarali-dustu","status":"publish","type":"post","link":"https:\/\/archive.sana.sy\/tr\/?p=175705","title":{"rendered":"SANA muhbiri: Deyrezzor k\u0131rsal\u0131 \u015eula b\u00f6lgesinde I\u015e\u0130D\u2019ten kalma bir may\u0131n patlamas\u0131 sonucunda bir \u015fehit ve 10 ki\u015fi yaral\u0131 d\u00fc\u015ft\u00fc"},"content":{"rendered":"<p>SANA muhbiri: Deyrezzor k\u0131rsal\u0131 \u015eula b\u00f6lgesinde I\u015e\u0130D\u2019ten kalma bir may\u0131n patlamas\u0131 sonucunda bir \u015fehit ve 10 ki\u015fi yaral\u0131 d\u00fc\u015ft\u00fc<\/p>\n","protected":false},"excerpt":{"rendered":"<p>SANA muhbiri: Deyrezzor k\u0131rsal\u0131 \u015eula b\u00f6lgesinde I\u015e\u0130D\u2019ten kalma bir may\u0131n patlamas\u0131 sonucunda bir \u015fehit ve 10 ki\u015fi yaral\u0131 d\u00fc\u015ft\u00fc<\/p>\n","protected":false},"author":1,"featured_media":0,"comment_status":"closed","ping_status":"closed","sticky":false,"template":"","format":"standard","meta":{"footnotes":""},"categories":[17991],"tags":[],"class_list":["post-175705","post","type-post","status-publish","format-standard","","category-son-dakika"],"_links":{"self":[{"href":"https:\/\/archive.sana.sy\/tr\/index.php?rest_route=\/wp\/v2\/posts\/175705","targetHints":{"allow":["GET"]}}],"collection":[{"href":"https:\/\/archive.sana.sy\/tr\/index.php?rest_route=\/wp\/v2\/posts"}],"about":[{"href":"https:\/\/archive.sana.sy\/tr\/index.php?rest_route=\/wp\/v2\/types\/post"}],"author":[{"embeddable":true,"href":"https:\/\/archive.sana.sy\/tr\/index.php?rest_route=\/wp\/v2\/users\/1"}],"replies":[{"embeddable":true,"href":"https:\/\/archive.sana.sy\/tr\/index.php?rest_route=%2Fwp%2Fv2%2Fcomments&post=175705"}],"version-history":[{"count":0,"href":"https:\/\/archive.sana.sy\/tr\/index.php?rest_route=\/wp\/v2\/posts\/175705\/revisions"}],"wp:attachment":[{"href":"https:\/\/archive.sana.sy\/tr\/index.php?rest_route=%2Fwp%2Fv2%2Fmedia&parent=175705"}],"wp:term":[{"taxonomy":"category","embeddable":true,"href":"https:\/\/archive.sana.sy\/tr\/index.php?rest_route=%2Fwp%2Fv2%2Fcategories&post=175705"},{"taxonomy":"post_tag","embeddable":true,"href":"https:\/\/archive.sana.sy\/tr\/index.php?rest_route=%2Fwp%2Fv2%2Ftags&post=175705"}],"curies":[{"name":"wp","href":"https:\/\/api.w.org\/{rel}","templated":true}]}}