{"id":175709,"date":"2019-02-26T14:19:39","date_gmt":"2019-02-26T12:19:39","guid":{"rendered":"http:\/\/www.sana.sy\/tr\/?p=175709"},"modified":"2019-02-27T13:41:05","modified_gmt":"2019-02-27T11:41:05","slug":"isid-mayini-yine-can-aldi-2","status":"publish","type":"post","link":"https:\/\/archive.sana.sy\/tr\/?p=175709","title":{"rendered":"I\u015e\u0130D May\u0131n\u0131 Yine Can Ald\u0131"},"content":{"rendered":"<p>DEYREZZOR \u2013 Deyrezzor k\u0131rsal\u0131nda I\u015e\u0130D\u2019ten kalma bir may\u0131n\u0131n patlamas\u0131 sonucunda bir sivil vatanda\u015f \u015fehit, 10 vatanda\u015f da yaral\u0131 d\u00fc\u015ft\u00fc.<\/p>\n<p>SANA\u2019n\u0131n Deyrezzor muhabiri; Deyrezzor k\u0131rsal\u0131 bat\u0131s\u0131nda yer alan \u015eula K\u00f6y\u00fc arazilerinden bir sivil arac\u0131n ge\u00e7i\u015fi s\u0131ras\u0131nda I\u015e\u0130D\u2019ten kalma bir may\u0131n\u0131n patlad\u0131\u011f\u0131n\u0131 belirtti. Muhabir olayda 1 vatanda\u015f\u0131n \u015fehit ve 10 vatanda\u015f\u0131n da yaral\u0131 d\u00fc\u015ft\u00fcklerini s\u00f6yledi.<\/p>\n","protected":false},"excerpt":{"rendered":"<p>DEYREZZOR \u2013 Deyrezzor k\u0131rsal\u0131nda I\u015e\u0130D\u2019ten kalma bir may\u0131n\u0131n patlamas\u0131 sonucunda bir sivil vatanda\u015f \u015fehit, 10 vatanda\u015f da yaral\u0131 d\u00fc\u015ft\u00fc. SANA\u2019n\u0131n Deyrezzor muhabiri; Deyrezzor k\u0131rsal\u0131 bat\u0131s\u0131nda yer alan \u015eula K\u00f6y\u00fc arazilerinden bir sivil arac\u0131n ge\u00e7i\u015fi s\u0131ras\u0131nda I\u015e\u0130D\u2019ten kalma bir may\u0131n\u0131n patlad\u0131\u011f\u0131n\u0131 belirtti. Muhabir olayda 1 vatanda\u015f\u0131n \u015fehit ve 10 vatanda\u015f\u0131n da yaral\u0131 d\u00fc\u015ft\u00fcklerini s\u00f6yledi.<\/p>\n","protected":false},"author":1,"featured_media":175710,"comment_status":"closed","ping_status":"closed","sticky":false,"template":"","format":"standard","meta":{"footnotes":""},"categories":[479,575,17988,478],"tags":[],"class_list":["post-175709","post","type-post","status-publish","format-standard","has-post-thumbnail","","category-haberler-yerel","category-olaylar-ve-gercekler","category-son-haberler","category-yerel"],"_links":{"self":[{"href":"https:\/\/archive.sana.sy\/tr\/index.php?rest_route=\/wp\/v2\/posts\/175709","targetHints":{"allow":["GET"]}}],"collection":[{"href":"https:\/\/archive.sana.sy\/tr\/index.php?rest_route=\/wp\/v2\/posts"}],"about":[{"href":"https:\/\/archive.sana.sy\/tr\/index.php?rest_route=\/wp\/v2\/types\/post"}],"author":[{"embeddable":true,"href":"https:\/\/archive.sana.sy\/tr\/index.php?rest_route=\/wp\/v2\/users\/1"}],"replies":[{"embeddable":true,"href":"https:\/\/archive.sana.sy\/tr\/index.php?rest_route=%2Fwp%2Fv2%2Fcomments&post=175709"}],"version-history":[{"count":0,"href":"https:\/\/archive.sana.sy\/tr\/index.php?rest_route=\/wp\/v2\/posts\/175709\/revisions"}],"wp:featuredmedia":[{"embeddable":true,"href":"https:\/\/archive.sana.sy\/tr\/index.php?rest_route=\/wp\/v2\/media\/175710"}],"wp:attachment":[{"href":"https:\/\/archive.sana.sy\/tr\/index.php?rest_route=%2Fwp%2Fv2%2Fmedia&parent=175709"}],"wp:term":[{"taxonomy":"category","embeddable":true,"href":"https:\/\/archive.sana.sy\/tr\/index.php?rest_route=%2Fwp%2Fv2%2Fcategories&post=175709"},{"taxonomy":"post_tag","embeddable":true,"href":"https:\/\/archive.sana.sy\/tr\/index.php?rest_route=%2Fwp%2Fv2%2Ftags&post=175709"}],"curies":[{"name":"wp","href":"https:\/\/api.w.org\/{rel}","templated":true}]}}