{"id":175736,"date":"2019-02-26T14:42:37","date_gmt":"2019-02-26T12:42:37","guid":{"rendered":"http:\/\/www.sana.sy\/tr\/?p=175736"},"modified":"2019-02-26T14:42:37","modified_gmt":"2019-02-26T12:42:37","slug":"deyrezzor-ilinin-meyadin-kentinde-onarimi-tamamlanan-adliye-sarayi-yeniden-vatandaslarin-hizmetine-acildi","status":"publish","type":"post","link":"https:\/\/archive.sana.sy\/tr\/?p=175736","title":{"rendered":"Deyrezzor \u0130linin Meyadin Kentinde onar\u0131m\u0131 tamamlanan Adliye Saray\u0131 yeniden vatanda\u015flar\u0131n hizmetine a\u00e7\u0131ld\u0131"},"content":{"rendered":"<p>Deyrezzor \u0130linin Meyadin Kentinde onar\u0131m\u0131 tamamlanan Adliye Saray\u0131 yeniden vatanda\u015flar\u0131n hizmetine a\u00e7\u0131ld\u0131<\/p>\n<p><iframe loading=\"lazy\" title=\"\u0627\u0641\u062a\u062a\u0627\u062d \u0627\u0644\u0645\u062c\u0645\u0639 \u0627\u0644\u0642\u0636\u0627\u0626\u064a \u0628\u0631\u064a\u0641 \u062f\u064a\u0631 \u0627\u0644\u0632\u0648\u0631\" width=\"618\" height=\"348\" src=\"https:\/\/www.youtube.com\/embed\/w-8Q26eXmYY?feature=oembed\" frameborder=\"0\" allow=\"accelerometer; autoplay; clipboard-write; encrypted-media; gyroscope; picture-in-picture; web-share\" referrerpolicy=\"strict-origin-when-cross-origin\" allowfullscreen><\/iframe><\/p>\n","protected":false},"excerpt":{"rendered":"<p>Deyrezzor \u0130linin Meyadin Kentinde onar\u0131m\u0131 tamamlanan Adliye Saray\u0131 yeniden vatanda\u015flar\u0131n hizmetine a\u00e7\u0131ld\u0131<\/p>\n","protected":false},"author":1,"featured_media":175737,"comment_status":"closed","ping_status":"closed","sticky":false,"template":"","format":"standard","meta":{"footnotes":""},"categories":[18295],"tags":[],"class_list":["post-175736","post","type-post","status-publish","format-standard","has-post-thumbnail","","category-sana-video"],"_links":{"self":[{"href":"https:\/\/archive.sana.sy\/tr\/index.php?rest_route=\/wp\/v2\/posts\/175736","targetHints":{"allow":["GET"]}}],"collection":[{"href":"https:\/\/archive.sana.sy\/tr\/index.php?rest_route=\/wp\/v2\/posts"}],"about":[{"href":"https:\/\/archive.sana.sy\/tr\/index.php?rest_route=\/wp\/v2\/types\/post"}],"author":[{"embeddable":true,"href":"https:\/\/archive.sana.sy\/tr\/index.php?rest_route=\/wp\/v2\/users\/1"}],"replies":[{"embeddable":true,"href":"https:\/\/archive.sana.sy\/tr\/index.php?rest_route=%2Fwp%2Fv2%2Fcomments&post=175736"}],"version-history":[{"count":0,"href":"https:\/\/archive.sana.sy\/tr\/index.php?rest_route=\/wp\/v2\/posts\/175736\/revisions"}],"wp:featuredmedia":[{"embeddable":true,"href":"https:\/\/archive.sana.sy\/tr\/index.php?rest_route=\/wp\/v2\/media\/175737"}],"wp:attachment":[{"href":"https:\/\/archive.sana.sy\/tr\/index.php?rest_route=%2Fwp%2Fv2%2Fmedia&parent=175736"}],"wp:term":[{"taxonomy":"category","embeddable":true,"href":"https:\/\/archive.sana.sy\/tr\/index.php?rest_route=%2Fwp%2Fv2%2Fcategories&post=175736"},{"taxonomy":"post_tag","embeddable":true,"href":"https:\/\/archive.sana.sy\/tr\/index.php?rest_route=%2Fwp%2Fv2%2Ftags&post=175736"}],"curies":[{"name":"wp","href":"https:\/\/api.w.org\/{rel}","templated":true}]}}