{"id":175838,"date":"2019-02-27T13:18:13","date_gmt":"2019-02-27T11:18:13","guid":{"rendered":"http:\/\/www.sana.sy\/tr\/?p=175838"},"modified":"2019-02-27T13:18:13","modified_gmt":"2019-02-27T11:18:13","slug":"sana-muhabiri-uyusturucuyla-mucadele-ekiplerinin-baskent-samdan-guney-bolgesi-ekseninde-hareket-eden-ve-buyuk-miktarda-cabtagon-yuklu-bir-kamyonu-cevirip-uyusturucuyu-ele-gecirdiklerini-aktar","status":"publish","type":"post","link":"https:\/\/archive.sana.sy\/tr\/?p=175838","title":{"rendered":"SANA muhabiri uyu\u015fturucuyla m\u00fccadele ekiplerinin ba\u015fkent \u015eam\u2019dan G\u00fcney B\u00f6lgesi ekseninde hareket eden ve b\u00fcy\u00fck miktarda cabtagon y\u00fckl\u00fc bir kamyonu \u00e7evirip uyu\u015fturucuyu ele ge\u00e7irdiklerini aktard\u0131."},"content":{"rendered":"<p>SANA muhabiri uyu\u015fturucuyla m\u00fccadele ekiplerinin ba\u015fkent \u015eam\u2019dan G\u00fcney B\u00f6lgesi ekseninde hareket eden ve b\u00fcy\u00fck miktarda cabtagon y\u00fckl\u00fc bir kamyonu \u00e7evirip uyu\u015fturucuyu ele ge\u00e7irdiklerini aktard\u0131.<\/p>\n","protected":false},"excerpt":{"rendered":"<p>SANA muhabiri uyu\u015fturucuyla m\u00fccadele ekiplerinin ba\u015fkent \u015eam\u2019dan G\u00fcney B\u00f6lgesi ekseninde hareket eden ve b\u00fcy\u00fck miktarda cabtagon y\u00fckl\u00fc bir kamyonu \u00e7evirip uyu\u015fturucuyu ele ge\u00e7irdiklerini aktard\u0131.<\/p>\n","protected":false},"author":1,"featured_media":0,"comment_status":"closed","ping_status":"closed","sticky":false,"template":"","format":"standard","meta":{"footnotes":""},"categories":[17991],"tags":[],"class_list":["post-175838","post","type-post","status-publish","format-standard","","category-son-dakika"],"_links":{"self":[{"href":"https:\/\/archive.sana.sy\/tr\/index.php?rest_route=\/wp\/v2\/posts\/175838","targetHints":{"allow":["GET"]}}],"collection":[{"href":"https:\/\/archive.sana.sy\/tr\/index.php?rest_route=\/wp\/v2\/posts"}],"about":[{"href":"https:\/\/archive.sana.sy\/tr\/index.php?rest_route=\/wp\/v2\/types\/post"}],"author":[{"embeddable":true,"href":"https:\/\/archive.sana.sy\/tr\/index.php?rest_route=\/wp\/v2\/users\/1"}],"replies":[{"embeddable":true,"href":"https:\/\/archive.sana.sy\/tr\/index.php?rest_route=%2Fwp%2Fv2%2Fcomments&post=175838"}],"version-history":[{"count":0,"href":"https:\/\/archive.sana.sy\/tr\/index.php?rest_route=\/wp\/v2\/posts\/175838\/revisions"}],"wp:attachment":[{"href":"https:\/\/archive.sana.sy\/tr\/index.php?rest_route=%2Fwp%2Fv2%2Fmedia&parent=175838"}],"wp:term":[{"taxonomy":"category","embeddable":true,"href":"https:\/\/archive.sana.sy\/tr\/index.php?rest_route=%2Fwp%2Fv2%2Fcategories&post=175838"},{"taxonomy":"post_tag","embeddable":true,"href":"https:\/\/archive.sana.sy\/tr\/index.php?rest_route=%2Fwp%2Fv2%2Ftags&post=175838"}],"curies":[{"name":"wp","href":"https:\/\/api.w.org\/{rel}","templated":true}]}}