{"id":175876,"date":"2019-02-27T15:18:34","date_gmt":"2019-02-27T13:18:34","guid":{"rendered":"http:\/\/www.sana.sy\/tr\/?p=175876"},"modified":"2019-02-27T15:18:34","modified_gmt":"2019-02-27T13:18:34","slug":"deyrezzor-kirsali-teym-petrol-sahasinda-isidten-kalma-bir-mayinin-patlamasi-neticesinde-elektrik-ariza-ekibinden-1-isci-sehit-ve-birkac-isci-de-yarali-dustu","status":"publish","type":"post","link":"https:\/\/archive.sana.sy\/tr\/?p=175876","title":{"rendered":"Deyrezzor k\u0131rsal\u0131 Teym petrol sahas\u0131nda I\u015e\u0130D\u2019ten kalma bir may\u0131n\u0131n patlamas\u0131 neticesinde elektrik ar\u0131za ekibinden 1 i\u015f\u00e7i \u015fehit ve birka\u00e7 i\u015f\u00e7i de yaral\u0131 d\u00fc\u015ft\u00fc"},"content":{"rendered":"<p>Deyrezzor k\u0131rsal\u0131 Teym petrol sahas\u0131nda I\u015e\u0130D\u2019ten kalma bir may\u0131n\u0131n patlamas\u0131 neticesinde elektrik ar\u0131za ekibinden 1 i\u015f\u00e7i \u015fehit ve birka\u00e7 i\u015f\u00e7i de yaral\u0131 d\u00fc\u015ft\u00fc<\/p>\n","protected":false},"excerpt":{"rendered":"<p>Deyrezzor k\u0131rsal\u0131 Teym petrol sahas\u0131nda I\u015e\u0130D\u2019ten kalma bir may\u0131n\u0131n patlamas\u0131 neticesinde elektrik ar\u0131za ekibinden 1 i\u015f\u00e7i \u015fehit ve birka\u00e7 i\u015f\u00e7i de yaral\u0131 d\u00fc\u015ft\u00fc<\/p>\n","protected":false},"author":1,"featured_media":0,"comment_status":"closed","ping_status":"closed","sticky":false,"template":"","format":"standard","meta":{"footnotes":""},"categories":[17991],"tags":[],"class_list":["post-175876","post","type-post","status-publish","format-standard","","category-son-dakika"],"_links":{"self":[{"href":"https:\/\/archive.sana.sy\/tr\/index.php?rest_route=\/wp\/v2\/posts\/175876","targetHints":{"allow":["GET"]}}],"collection":[{"href":"https:\/\/archive.sana.sy\/tr\/index.php?rest_route=\/wp\/v2\/posts"}],"about":[{"href":"https:\/\/archive.sana.sy\/tr\/index.php?rest_route=\/wp\/v2\/types\/post"}],"author":[{"embeddable":true,"href":"https:\/\/archive.sana.sy\/tr\/index.php?rest_route=\/wp\/v2\/users\/1"}],"replies":[{"embeddable":true,"href":"https:\/\/archive.sana.sy\/tr\/index.php?rest_route=%2Fwp%2Fv2%2Fcomments&post=175876"}],"version-history":[{"count":0,"href":"https:\/\/archive.sana.sy\/tr\/index.php?rest_route=\/wp\/v2\/posts\/175876\/revisions"}],"wp:attachment":[{"href":"https:\/\/archive.sana.sy\/tr\/index.php?rest_route=%2Fwp%2Fv2%2Fmedia&parent=175876"}],"wp:term":[{"taxonomy":"category","embeddable":true,"href":"https:\/\/archive.sana.sy\/tr\/index.php?rest_route=%2Fwp%2Fv2%2Fcategories&post=175876"},{"taxonomy":"post_tag","embeddable":true,"href":"https:\/\/archive.sana.sy\/tr\/index.php?rest_route=%2Fwp%2Fv2%2Ftags&post=175876"}],"curies":[{"name":"wp","href":"https:\/\/api.w.org\/{rel}","templated":true}]}}