{"id":176056,"date":"2019-02-28T16:15:23","date_gmt":"2019-02-28T14:15:23","guid":{"rendered":"http:\/\/www.sana.sy\/tr\/?p=176056"},"modified":"2019-02-28T16:13:02","modified_gmt":"2019-02-28T14:13:02","slug":"yetkili-kaynak-suriye-devletinin-tum-multecilerin-guvenli-bir-sekilde-vatanlarina-donuslerinin-yani-sira-onlara-hur-ve-onurlu-bir-yasam-saglama-konusunda-tum-sorumluluklarini-tam-ve-eksiksiz-bir-seki","status":"publish","type":"post","link":"https:\/\/archive.sana.sy\/tr\/?p=176056","title":{"rendered":"Yetkili kaynak Suriye devletinin, t\u00fcm m\u00fcltecilerin g\u00fcvenli bir \u015fekilde vatanlar\u0131na d\u00f6n\u00fc\u015flerinin yan\u0131 s\u0131ra onlara h\u00fcr ve onurlu bir ya\u015fam sa\u011flama konusunda t\u00fcm sorumluluklar\u0131n\u0131 tam ve eksiksiz bir \u015fekilde \u00fcstlendi\u011finin alt\u0131n\u0131 \u00e7izdi"},"content":{"rendered":"<p>Yetkili kaynak Suriye devletinin, t\u00fcm m\u00fcltecilerin g\u00fcvenli bir \u015fekilde vatanlar\u0131na d\u00f6n\u00fc\u015flerinin yan\u0131 s\u0131ra onlara h\u00fcr ve onurlu bir ya\u015fam sa\u011flama konusunda t\u00fcm sorumluluklar\u0131n\u0131 tam ve eksiksiz bir \u015fekilde \u00fcstlendi\u011finin alt\u0131n\u0131 \u00e7izdi<\/p>\n","protected":false},"excerpt":{"rendered":"<p>Yetkili kaynak Suriye devletinin, t\u00fcm m\u00fcltecilerin g\u00fcvenli bir \u015fekilde vatanlar\u0131na d\u00f6n\u00fc\u015flerinin yan\u0131 s\u0131ra onlara h\u00fcr ve onurlu bir ya\u015fam sa\u011flama konusunda t\u00fcm sorumluluklar\u0131n\u0131 tam ve eksiksiz bir \u015fekilde \u00fcstlendi\u011finin alt\u0131n\u0131 \u00e7izdi<\/p>\n","protected":false},"author":1,"featured_media":0,"comment_status":"closed","ping_status":"closed","sticky":false,"template":"","format":"standard","meta":{"footnotes":""},"categories":[17991],"tags":[],"class_list":["post-176056","post","type-post","status-publish","format-standard","","category-son-dakika"],"_links":{"self":[{"href":"https:\/\/archive.sana.sy\/tr\/index.php?rest_route=\/wp\/v2\/posts\/176056","targetHints":{"allow":["GET"]}}],"collection":[{"href":"https:\/\/archive.sana.sy\/tr\/index.php?rest_route=\/wp\/v2\/posts"}],"about":[{"href":"https:\/\/archive.sana.sy\/tr\/index.php?rest_route=\/wp\/v2\/types\/post"}],"author":[{"embeddable":true,"href":"https:\/\/archive.sana.sy\/tr\/index.php?rest_route=\/wp\/v2\/users\/1"}],"replies":[{"embeddable":true,"href":"https:\/\/archive.sana.sy\/tr\/index.php?rest_route=%2Fwp%2Fv2%2Fcomments&post=176056"}],"version-history":[{"count":0,"href":"https:\/\/archive.sana.sy\/tr\/index.php?rest_route=\/wp\/v2\/posts\/176056\/revisions"}],"wp:attachment":[{"href":"https:\/\/archive.sana.sy\/tr\/index.php?rest_route=%2Fwp%2Fv2%2Fmedia&parent=176056"}],"wp:term":[{"taxonomy":"category","embeddable":true,"href":"https:\/\/archive.sana.sy\/tr\/index.php?rest_route=%2Fwp%2Fv2%2Fcategories&post=176056"},{"taxonomy":"post_tag","embeddable":true,"href":"https:\/\/archive.sana.sy\/tr\/index.php?rest_route=%2Fwp%2Fv2%2Ftags&post=176056"}],"curies":[{"name":"wp","href":"https:\/\/api.w.org\/{rel}","templated":true}]}}