{"id":176065,"date":"2019-02-28T16:24:53","date_gmt":"2019-02-28T14:24:53","guid":{"rendered":"http:\/\/www.sana.sy\/tr\/?p=176065"},"modified":"2019-02-28T16:23:45","modified_gmt":"2019-02-28T14:23:45","slug":"rukban-kampinda-yasanan-insani-facia-ve-kotu-kosullarin-tek-sorumlusunun-isgalci-abd-gucleri-ve-edatlari-olan-teroristler-oldugunun-bir-kez-daha-altini-cizen-yetkili-kaynak-abd-gucleri-ve-edatlari-te","status":"publish","type":"post","link":"https:\/\/archive.sana.sy\/tr\/?p=176065","title":{"rendered":"R\u00fckban Kamp\u0131nda ya\u015fanan insani facia ve k\u00f6t\u00fc ko\u015fullar\u0131n tek sorumlusunun i\u015fgalci ABD g\u00fc\u00e7leri ve edatlar\u0131 olan ter\u00f6ristler oldu\u011funun bir kez daha alt\u0131n\u0131 \u00e7izen yetkili kaynak; ABD g\u00fc\u00e7leri ve edatlar\u0131 ter\u00f6ristlerin R\u00fckban Kamp\u0131na her t\u00fcrl\u00fc insani yard\u0131m\u0131 engellemekle birlikte \u00e7\u0131kmak isteyen sivilleri tehdit ve g\u00fc\u00e7 ile engellediklerine dikkat \u00e7ekti."},"content":{"rendered":"<p>R\u00fckban Kamp\u0131nda ya\u015fanan insani facia ve k\u00f6t\u00fc ko\u015fullar\u0131n tek sorumlusunun i\u015fgalci ABD g\u00fc\u00e7leri ve edatlar\u0131 olan ter\u00f6ristler oldu\u011funun bir kez daha alt\u0131n\u0131 \u00e7izen yetkili kaynak; ABD g\u00fc\u00e7leri ve edatlar\u0131 ter\u00f6ristlerin R\u00fckban Kamp\u0131na her t\u00fcrl\u00fc insani yard\u0131m\u0131 engellemekle birlikte \u00e7\u0131kmak isteyen sivilleri tehdit ve g\u00fc\u00e7 ile engellediklerine dikkat \u00e7ekti.<\/p>\n","protected":false},"excerpt":{"rendered":"<p>R\u00fckban Kamp\u0131nda ya\u015fanan insani facia ve k\u00f6t\u00fc ko\u015fullar\u0131n tek sorumlusunun i\u015fgalci ABD g\u00fc\u00e7leri ve edatlar\u0131 olan ter\u00f6ristler oldu\u011funun bir kez daha alt\u0131n\u0131 \u00e7izen yetkili kaynak; ABD g\u00fc\u00e7leri ve edatlar\u0131 ter\u00f6ristlerin R\u00fckban Kamp\u0131na her t\u00fcrl\u00fc insani yard\u0131m\u0131 engellemekle birlikte \u00e7\u0131kmak isteyen sivilleri tehdit ve g\u00fc\u00e7 ile engellediklerine dikkat \u00e7ekti.<\/p>\n","protected":false},"author":1,"featured_media":0,"comment_status":"closed","ping_status":"closed","sticky":false,"template":"","format":"standard","meta":{"footnotes":""},"categories":[17991],"tags":[],"class_list":["post-176065","post","type-post","status-publish","format-standard","","category-son-dakika"],"_links":{"self":[{"href":"https:\/\/archive.sana.sy\/tr\/index.php?rest_route=\/wp\/v2\/posts\/176065","targetHints":{"allow":["GET"]}}],"collection":[{"href":"https:\/\/archive.sana.sy\/tr\/index.php?rest_route=\/wp\/v2\/posts"}],"about":[{"href":"https:\/\/archive.sana.sy\/tr\/index.php?rest_route=\/wp\/v2\/types\/post"}],"author":[{"embeddable":true,"href":"https:\/\/archive.sana.sy\/tr\/index.php?rest_route=\/wp\/v2\/users\/1"}],"replies":[{"embeddable":true,"href":"https:\/\/archive.sana.sy\/tr\/index.php?rest_route=%2Fwp%2Fv2%2Fcomments&post=176065"}],"version-history":[{"count":0,"href":"https:\/\/archive.sana.sy\/tr\/index.php?rest_route=\/wp\/v2\/posts\/176065\/revisions"}],"wp:attachment":[{"href":"https:\/\/archive.sana.sy\/tr\/index.php?rest_route=%2Fwp%2Fv2%2Fmedia&parent=176065"}],"wp:term":[{"taxonomy":"category","embeddable":true,"href":"https:\/\/archive.sana.sy\/tr\/index.php?rest_route=%2Fwp%2Fv2%2Fcategories&post=176065"},{"taxonomy":"post_tag","embeddable":true,"href":"https:\/\/archive.sana.sy\/tr\/index.php?rest_route=%2Fwp%2Fv2%2Ftags&post=176065"}],"curies":[{"name":"wp","href":"https:\/\/api.w.org\/{rel}","templated":true}]}}