{"id":176067,"date":"2019-02-28T16:27:53","date_gmt":"2019-02-28T14:27:53","guid":{"rendered":"http:\/\/www.sana.sy\/tr\/?p=176067"},"modified":"2019-02-28T16:24:36","modified_gmt":"2019-02-28T14:24:36","slug":"yetkili-kaynak-rukban-kampinda-oldukca-zor-kosullar-icinde-yasayan-sivillerin-guvenli-bir-sekilde-cikmalari-icin-acilan-insani-koridorlara-ragmen-abd-gucleri-ve-teroristlerin-sivillerin-cikislarini-en","status":"publish","type":"post","link":"https:\/\/archive.sana.sy\/tr\/?p=176067","title":{"rendered":"Yetkili kaynak R\u00fckban Kamp\u0131nda olduk\u00e7a zor ko\u015fullar i\u00e7inde ya\u015fayan sivillerin g\u00fcvenli bir \u015fekilde \u00e7\u0131kmalar\u0131 i\u00e7in a\u00e7\u0131lan insani koridorlara ra\u011fmen ABD g\u00fc\u00e7leri ve ter\u00f6ristlerin sivillerin \u00e7\u0131k\u0131\u015flar\u0131n\u0131 engellemeye devam ettiklerini belirtti."},"content":{"rendered":"<p>Yetkili kaynak R\u00fckban Kamp\u0131nda olduk\u00e7a zor ko\u015fullar i\u00e7inde ya\u015fayan sivillerin g\u00fcvenli bir \u015fekilde \u00e7\u0131kmalar\u0131 i\u00e7in a\u00e7\u0131lan insani koridorlara ra\u011fmen ABD g\u00fc\u00e7leri ve ter\u00f6ristlerin sivillerin \u00e7\u0131k\u0131\u015flar\u0131n\u0131 engellemeye devam ettiklerini belirtti.<\/p>\n","protected":false},"excerpt":{"rendered":"<p>Yetkili kaynak R\u00fckban Kamp\u0131nda olduk\u00e7a zor ko\u015fullar i\u00e7inde ya\u015fayan sivillerin g\u00fcvenli bir \u015fekilde \u00e7\u0131kmalar\u0131 i\u00e7in a\u00e7\u0131lan insani koridorlara ra\u011fmen ABD g\u00fc\u00e7leri ve ter\u00f6ristlerin sivillerin \u00e7\u0131k\u0131\u015flar\u0131n\u0131 engellemeye devam ettiklerini belirtti.<\/p>\n","protected":false},"author":1,"featured_media":0,"comment_status":"closed","ping_status":"closed","sticky":false,"template":"","format":"standard","meta":{"footnotes":""},"categories":[17991],"tags":[],"class_list":["post-176067","post","type-post","status-publish","format-standard","","category-son-dakika"],"_links":{"self":[{"href":"https:\/\/archive.sana.sy\/tr\/index.php?rest_route=\/wp\/v2\/posts\/176067","targetHints":{"allow":["GET"]}}],"collection":[{"href":"https:\/\/archive.sana.sy\/tr\/index.php?rest_route=\/wp\/v2\/posts"}],"about":[{"href":"https:\/\/archive.sana.sy\/tr\/index.php?rest_route=\/wp\/v2\/types\/post"}],"author":[{"embeddable":true,"href":"https:\/\/archive.sana.sy\/tr\/index.php?rest_route=\/wp\/v2\/users\/1"}],"replies":[{"embeddable":true,"href":"https:\/\/archive.sana.sy\/tr\/index.php?rest_route=%2Fwp%2Fv2%2Fcomments&post=176067"}],"version-history":[{"count":0,"href":"https:\/\/archive.sana.sy\/tr\/index.php?rest_route=\/wp\/v2\/posts\/176067\/revisions"}],"wp:attachment":[{"href":"https:\/\/archive.sana.sy\/tr\/index.php?rest_route=%2Fwp%2Fv2%2Fmedia&parent=176067"}],"wp:term":[{"taxonomy":"category","embeddable":true,"href":"https:\/\/archive.sana.sy\/tr\/index.php?rest_route=%2Fwp%2Fv2%2Fcategories&post=176067"},{"taxonomy":"post_tag","embeddable":true,"href":"https:\/\/archive.sana.sy\/tr\/index.php?rest_route=%2Fwp%2Fv2%2Ftags&post=176067"}],"curies":[{"name":"wp","href":"https:\/\/api.w.org\/{rel}","templated":true}]}}