{"id":176168,"date":"2019-03-01T15:54:54","date_gmt":"2019-03-01T13:54:54","guid":{"rendered":"http:\/\/www.sana.sy\/tr\/?p=176168"},"modified":"2019-03-01T15:55:42","modified_gmt":"2019-03-01T13:55:42","slug":"tartus-kenti-sahil-yolundan-bugun-alinan-fotograflar","status":"publish","type":"post","link":"https:\/\/archive.sana.sy\/tr\/?p=176168","title":{"rendered":"Tartus Kenti Sahil B\u00f6lgesinden Bug\u00fcn Al\u0131nan Foto\u011fraflar"},"content":{"rendered":"<p>&nbsp;<\/p>\n<p>Tartus Kenti Sahil B\u00f6lgesinden Bug\u00fcn Al\u0131nan Foto\u011fraflar<\/p>\n<div id='gallery-1' class='gallery galleryid-176168 gallery-columns-1 gallery-size-large'><figure class='gallery-item'>\n\t\t\t<div class='gallery-icon landscape'>\n\t\t\t\t<a href='https:\/\/archive.sana.sy\/tr\/wp-content\/uploads\/2019\/03\/DSC_0081.jpg'><img loading=\"lazy\" decoding=\"async\" width=\"618\" height=\"376\" src=\"https:\/\/archive.sana.sy\/tr\/wp-content\/uploads\/2019\/03\/DSC_0081-1024x623.jpg\" class=\"attachment-large size-large\" alt=\"\" srcset=\"https:\/\/archive.sana.sy\/tr\/wp-content\/uploads\/2019\/03\/DSC_0081-1024x623.jpg 1024w, https:\/\/archive.sana.sy\/tr\/wp-content\/uploads\/2019\/03\/DSC_0081-150x91.jpg 150w, https:\/\/archive.sana.sy\/tr\/wp-content\/uploads\/2019\/03\/DSC_0081-300x182.jpg 300w, https:\/\/archive.sana.sy\/tr\/wp-content\/uploads\/2019\/03\/DSC_0081-768x467.jpg 768w\" sizes=\"auto, (max-width: 618px) 100vw, 618px\" \/><\/a>\n\t\t\t<\/div><\/figure><figure class='gallery-item'>\n\t\t\t<div class='gallery-icon landscape'>\n\t\t\t\t<a href='https:\/\/archive.sana.sy\/tr\/wp-content\/uploads\/2019\/03\/DSC_0088-1.jpg'><img loading=\"lazy\" decoding=\"async\" width=\"618\" height=\"374\" src=\"https:\/\/archive.sana.sy\/tr\/wp-content\/uploads\/2019\/03\/DSC_0088-1-1024x619.jpg\" class=\"attachment-large size-large\" alt=\"\" srcset=\"https:\/\/archive.sana.sy\/tr\/wp-content\/uploads\/2019\/03\/DSC_0088-1-1024x619.jpg 1024w, https:\/\/archive.sana.sy\/tr\/wp-content\/uploads\/2019\/03\/DSC_0088-1-150x91.jpg 150w, https:\/\/archive.sana.sy\/tr\/wp-content\/uploads\/2019\/03\/DSC_0088-1-300x181.jpg 300w, https:\/\/archive.sana.sy\/tr\/wp-content\/uploads\/2019\/03\/DSC_0088-1-768x464.jpg 768w\" sizes=\"auto, (max-width: 618px) 100vw, 618px\" \/><\/a>\n\t\t\t<\/div><\/figure><figure class='gallery-item'>\n\t\t\t<div class='gallery-icon landscape'>\n\t\t\t\t<a href='https:\/\/archive.sana.sy\/tr\/wp-content\/uploads\/2019\/03\/DSC_0090.jpg'><img loading=\"lazy\" decoding=\"async\" width=\"618\" height=\"361\" src=\"https:\/\/archive.sana.sy\/tr\/wp-content\/uploads\/2019\/03\/DSC_0090-1024x598.jpg\" class=\"attachment-large size-large\" alt=\"\" srcset=\"https:\/\/archive.sana.sy\/tr\/wp-content\/uploads\/2019\/03\/DSC_0090-1024x598.jpg 1024w, https:\/\/archive.sana.sy\/tr\/wp-content\/uploads\/2019\/03\/DSC_0090-150x88.jpg 150w, https:\/\/archive.sana.sy\/tr\/wp-content\/uploads\/2019\/03\/DSC_0090-300x175.jpg 300w, https:\/\/archive.sana.sy\/tr\/wp-content\/uploads\/2019\/03\/DSC_0090-768x448.jpg 768w\" sizes=\"auto, (max-width: 618px) 100vw, 618px\" \/><\/a>\n\t\t\t<\/div><\/figure><figure class='gallery-item'>\n\t\t\t<div class='gallery-icon landscape'>\n\t\t\t\t<a href='https:\/\/archive.sana.sy\/tr\/wp-content\/uploads\/2019\/03\/DSC_0100.jpg'><img loading=\"lazy\" decoding=\"async\" width=\"618\" height=\"353\" src=\"https:\/\/archive.sana.sy\/tr\/wp-content\/uploads\/2019\/03\/DSC_0100-1024x585.jpg\" class=\"attachment-large size-large\" alt=\"\" srcset=\"https:\/\/archive.sana.sy\/tr\/wp-content\/uploads\/2019\/03\/DSC_0100-1024x585.jpg 1024w, https:\/\/archive.sana.sy\/tr\/wp-content\/uploads\/2019\/03\/DSC_0100-150x86.jpg 150w, https:\/\/archive.sana.sy\/tr\/wp-content\/uploads\/2019\/03\/DSC_0100-300x171.jpg 300w, https:\/\/archive.sana.sy\/tr\/wp-content\/uploads\/2019\/03\/DSC_0100-768x439.jpg 768w\" sizes=\"auto, (max-width: 618px) 100vw, 618px\" \/><\/a>\n\t\t\t<\/div><\/figure>\n\t\t<\/div>\n\n<p>&nbsp;<\/p>\n","protected":false},"excerpt":{"rendered":"<p>&nbsp; Tartus Kenti Sahil B\u00f6lgesinden Bug\u00fcn Al\u0131nan Foto\u011fraflar &nbsp;<\/p>\n","protected":false},"author":1,"featured_media":176169,"comment_status":"closed","ping_status":"closed","sticky":false,"template":"","format":"standard","meta":{"footnotes":""},"categories":[596],"tags":[],"class_list":["post-176168","post","type-post","status-publish","format-standard","has-post-thumbnail","","category-fotografli-raporlar"],"_links":{"self":[{"href":"https:\/\/archive.sana.sy\/tr\/index.php?rest_route=\/wp\/v2\/posts\/176168","targetHints":{"allow":["GET"]}}],"collection":[{"href":"https:\/\/archive.sana.sy\/tr\/index.php?rest_route=\/wp\/v2\/posts"}],"about":[{"href":"https:\/\/archive.sana.sy\/tr\/index.php?rest_route=\/wp\/v2\/types\/post"}],"author":[{"embeddable":true,"href":"https:\/\/archive.sana.sy\/tr\/index.php?rest_route=\/wp\/v2\/users\/1"}],"replies":[{"embeddable":true,"href":"https:\/\/archive.sana.sy\/tr\/index.php?rest_route=%2Fwp%2Fv2%2Fcomments&post=176168"}],"version-history":[{"count":0,"href":"https:\/\/archive.sana.sy\/tr\/index.php?rest_route=\/wp\/v2\/posts\/176168\/revisions"}],"wp:featuredmedia":[{"embeddable":true,"href":"https:\/\/archive.sana.sy\/tr\/index.php?rest_route=\/wp\/v2\/media\/176169"}],"wp:attachment":[{"href":"https:\/\/archive.sana.sy\/tr\/index.php?rest_route=%2Fwp%2Fv2%2Fmedia&parent=176168"}],"wp:term":[{"taxonomy":"category","embeddable":true,"href":"https:\/\/archive.sana.sy\/tr\/index.php?rest_route=%2Fwp%2Fv2%2Fcategories&post=176168"},{"taxonomy":"post_tag","embeddable":true,"href":"https:\/\/archive.sana.sy\/tr\/index.php?rest_route=%2Fwp%2Fv2%2Ftags&post=176168"}],"curies":[{"name":"wp","href":"https:\/\/api.w.org\/{rel}","templated":true}]}}