{"id":176195,"date":"2019-03-01T17:03:18","date_gmt":"2019-03-01T15:03:18","guid":{"rendered":"http:\/\/www.sana.sy\/tr\/?p=176195"},"modified":"2019-03-01T21:02:47","modified_gmt":"2019-03-01T19:02:47","slug":"sananin-hama-muhabiri-hama-kirsali-mharde-kentine-karsi-teroristlerin-fuzeli-saldirisi-neticesinde-iki-sivil-vatandasin-yarali-dustuklerini-kamu-ve-ozel-mulklerde-maddi-hasarlar-oldugunu-be","status":"publish","type":"post","link":"https:\/\/archive.sana.sy\/tr\/?p=176195","title":{"rendered":"SANA\u2019n\u0131n Hama muhabiri; Hama K\u0131rsal\u0131 Mharde Kentine kar\u015f\u0131 ter\u00f6ristlerin f\u00fczeli sald\u0131r\u0131s\u0131ndan dolay\u0131 iki sivil vatanda\u015f\u0131n yaral\u0131 d\u00fc\u015ft\u00fcklerini, kamu ve \u00f6zel m\u00fclklerde maddi hasarlar oldu\u011funu belirtti."},"content":{"rendered":"<p>SANA\u2019n\u0131n Hama muhabiri; Hama K\u0131rsal\u0131 Mharde Kentine kar\u015f\u0131 ter\u00f6ristlerin f\u00fczeli sald\u0131r\u0131s\u0131ndan dolay\u0131 iki sivil vatanda\u015f\u0131n yaral\u0131 d\u00fc\u015ft\u00fcklerini, kamu ve \u00f6zel m\u00fclklerde maddi hasarlar oldu\u011funu belirtti.<\/p>\n","protected":false},"excerpt":{"rendered":"<p>SANA\u2019n\u0131n Hama muhabiri; Hama K\u0131rsal\u0131 Mharde Kentine kar\u015f\u0131 ter\u00f6ristlerin f\u00fczeli sald\u0131r\u0131s\u0131ndan dolay\u0131 iki sivil vatanda\u015f\u0131n yaral\u0131 d\u00fc\u015ft\u00fcklerini, kamu ve \u00f6zel m\u00fclklerde maddi hasarlar oldu\u011funu belirtti.<\/p>\n","protected":false},"author":1,"featured_media":0,"comment_status":"closed","ping_status":"closed","sticky":false,"template":"","format":"standard","meta":{"footnotes":""},"categories":[1],"tags":[],"class_list":["post-176195","post","type-post","status-publish","format-standard","","category-news-not-sorted"],"_links":{"self":[{"href":"https:\/\/archive.sana.sy\/tr\/index.php?rest_route=\/wp\/v2\/posts\/176195","targetHints":{"allow":["GET"]}}],"collection":[{"href":"https:\/\/archive.sana.sy\/tr\/index.php?rest_route=\/wp\/v2\/posts"}],"about":[{"href":"https:\/\/archive.sana.sy\/tr\/index.php?rest_route=\/wp\/v2\/types\/post"}],"author":[{"embeddable":true,"href":"https:\/\/archive.sana.sy\/tr\/index.php?rest_route=\/wp\/v2\/users\/1"}],"replies":[{"embeddable":true,"href":"https:\/\/archive.sana.sy\/tr\/index.php?rest_route=%2Fwp%2Fv2%2Fcomments&post=176195"}],"version-history":[{"count":0,"href":"https:\/\/archive.sana.sy\/tr\/index.php?rest_route=\/wp\/v2\/posts\/176195\/revisions"}],"wp:attachment":[{"href":"https:\/\/archive.sana.sy\/tr\/index.php?rest_route=%2Fwp%2Fv2%2Fmedia&parent=176195"}],"wp:term":[{"taxonomy":"category","embeddable":true,"href":"https:\/\/archive.sana.sy\/tr\/index.php?rest_route=%2Fwp%2Fv2%2Fcategories&post=176195"},{"taxonomy":"post_tag","embeddable":true,"href":"https:\/\/archive.sana.sy\/tr\/index.php?rest_route=%2Fwp%2Fv2%2Ftags&post=176195"}],"curies":[{"name":"wp","href":"https:\/\/api.w.org\/{rel}","templated":true}]}}