{"id":176200,"date":"2019-03-01T22:23:52","date_gmt":"2019-03-01T20:23:52","guid":{"rendered":"http:\/\/www.sana.sy\/tr\/?p=176200"},"modified":"2019-03-02T11:59:12","modified_gmt":"2019-03-02T09:59:12","slug":"hizbullahin-mesruiyeti-uluslararasi-kanun-geregince-garantiye-alinmis-israil-isgaline-karsi-bir-direnis-hareketidir","status":"publish","type":"post","link":"https:\/\/archive.sana.sy\/tr\/?p=176200","title":{"rendered":"Hizbullah&#8217;\u0131n Me\u015fruiyeti Uluslararas\u0131 Kanun Gere\u011fince Garantiye Al\u0131nm\u0131\u015ft\u0131r"},"content":{"rendered":"<p style=\"text-align: justify\">\u015eAM \u2013 Suriye, \u0130ngiltere h\u00fckumetinin Hizbullah&#8217;\u0131 ter\u00f6rist \u00f6rg\u00fctler listesine dahil etme karar\u0131n\u0131 \u015fiddetle k\u0131nayarak s\u00f6z konusu karar\u0131n \u0130ngiltere&#8217;nin Arap \u00fcmmetine y\u00f6nelik tarihi d\u00fc\u015fmanl\u0131\u011f\u0131n\u0131 onaylad\u0131\u011f\u0131n\u0131 belirtti.<\/p>\n<p style=\"text-align: justify\">D\u0131\u015fi\u015fleri ve Gurbet\u00e7iler Bakanl\u0131\u011f\u0131 resmi kayna\u011f\u0131 bug\u00fcn SANA\u2019ya yapt\u0131\u011f\u0131 a\u00e7\u0131klamas\u0131nda: Suriye Arap Cumhuriyetinin, \u0130ngiliz h\u00fck\u00fcmetinin Hizbullah\u2019\u0131 ter\u00f6r \u00f6rg\u00fctleri listesine dahil etme karar\u0131n\u0131 \u015fiddetle k\u0131nad\u0131\u011f\u0131n\u0131 s\u00f6yledi.<\/p>\n<p style=\"text-align: justify\">Kaynak, bu karar\u0131n, \u0130ngiltere&#8217;nin Arap ulusunun Sykes-Picot Anla\u015fmas\u0131 ile b\u00f6l\u00fcnmesinin babas\u0131 olan \u0130ngiltere\u2019nin b\u00f6lgedeki Amerikan projesine ba\u011f\u0131ml\u0131l\u0131\u011f\u0131n\u0131 teyit eden, M\u0131s\u0131r\u2019a y\u00f6nelik \u00fc\u00e7l\u00fc sald\u0131rganl\u0131k ve Nisan 2018\u2019de Suriye\u2019deki son Bat\u0131 sald\u0131rganl\u0131\u011f\u0131 ile ba\u015flayan Arap ulusuna kar\u015f\u0131 sald\u0131rganl\u0131kla ba\u015flayarak, Arap milletine kar\u015f\u0131 tarihsel d\u00fc\u015fmanl\u0131\u011f\u0131n\u0131 teyit etti\u011fini, ayr\u0131ca Filistin&#8217;in Siyonistlerinin ve Filistinlilerin Siyonistlerinin yerinden edilmesine yol a\u00e7an me\u015f&#8217;um Belfour Deklarasyonunu ta\u015f\u0131d\u0131\u011f\u0131n\u0131 s\u00f6yledi.<\/p>\n<p style=\"text-align: justify\">Kaynak, herkes taraf\u0131ndan bilinir ki, \u0130ngiltere, a\u015f\u0131r\u0131l\u0131k yanl\u0131s\u0131 tekfiri ideolojiye sahip muhtelif \u00f6rg\u00fctlerini kucakl\u0131yor, Arap \u00fcmmetine d\u00fc\u015fman \u0130srail ajandalar\u0131na hizmet i\u00e7in ter\u00f6rist gruplara y\u00f6nelik \u00e7e\u015fitli destek bi\u00e7imlerini sundu\u011funu ve sunmaya devam etti\u011fini, bu politikalar\u0131 izleyenlerin en d\u00fc\u015f\u00fck g\u00fcvenilirlik derecesine sahip olmad\u0131klar\u0131n\u0131 ve hi\u00e7bir \u015fekilde ba\u015fkalar\u0131n\u0131 su\u00e7lama hakk\u0131na sahip olmad\u0131klar\u0131n\u0131, \u00f6zellikle de halklar\u0131 ve haklar\u0131n\u0131 k\u00f6lele\u015ftiren kara tarihe sahip olan bir h\u00fckumetin zalim karar\u0131yla de\u011fil uluslararas\u0131 hukuka ve Birle\u015fmi\u015f Milletler T\u00fcz\u00fc\u011f\u00fc&#8217;ne g\u00f6re me\u015fruiyetini g\u00fcvence alt\u0131na alan, \u0130srail i\u015fgaline kar\u015f\u0131 ulusal bir direni\u015f hareketi olan Hizbullah&#8217;\u0131 su\u00e7lama haklar\u0131 yoktur, diye ekledi.<\/p>\n<p>\u00c7eviri: S. \u015eahhut.<\/p>\n","protected":false},"excerpt":{"rendered":"<p>\u015eAM \u2013 Suriye, \u0130ngiltere h\u00fckumetinin Hizbullah&#8217;\u0131 ter\u00f6rist \u00f6rg\u00fctler listesine dahil etme karar\u0131n\u0131 \u015fiddetle k\u0131nayarak s\u00f6z konusu karar\u0131n \u0130ngiltere&#8217;nin Arap \u00fcmmetine y\u00f6nelik tarihi d\u00fc\u015fmanl\u0131\u011f\u0131n\u0131 onaylad\u0131\u011f\u0131n\u0131 belirtti. D\u0131\u015fi\u015fleri ve Gurbet\u00e7iler Bakanl\u0131\u011f\u0131 resmi kayna\u011f\u0131 bug\u00fcn SANA\u2019ya yapt\u0131\u011f\u0131 a\u00e7\u0131klamas\u0131nda: Suriye Arap Cumhuriyetinin, \u0130ngiliz h\u00fck\u00fcmetinin Hizbullah\u2019\u0131 ter\u00f6r \u00f6rg\u00fctleri listesine dahil etme karar\u0131n\u0131 \u015fiddetle k\u0131nad\u0131\u011f\u0131n\u0131 s\u00f6yledi. Kaynak, bu karar\u0131n, \u0130ngiltere&#8217;nin Arap &hellip;<\/p>\n","protected":false},"author":1,"featured_media":176201,"comment_status":"closed","ping_status":"closed","sticky":false,"template":"","format":"standard","meta":{"footnotes":""},"categories":[479,17988,478],"tags":[],"class_list":["post-176200","post","type-post","status-publish","format-standard","has-post-thumbnail","","category-haberler-yerel","category-son-haberler","category-yerel"],"_links":{"self":[{"href":"https:\/\/archive.sana.sy\/tr\/index.php?rest_route=\/wp\/v2\/posts\/176200","targetHints":{"allow":["GET"]}}],"collection":[{"href":"https:\/\/archive.sana.sy\/tr\/index.php?rest_route=\/wp\/v2\/posts"}],"about":[{"href":"https:\/\/archive.sana.sy\/tr\/index.php?rest_route=\/wp\/v2\/types\/post"}],"author":[{"embeddable":true,"href":"https:\/\/archive.sana.sy\/tr\/index.php?rest_route=\/wp\/v2\/users\/1"}],"replies":[{"embeddable":true,"href":"https:\/\/archive.sana.sy\/tr\/index.php?rest_route=%2Fwp%2Fv2%2Fcomments&post=176200"}],"version-history":[{"count":0,"href":"https:\/\/archive.sana.sy\/tr\/index.php?rest_route=\/wp\/v2\/posts\/176200\/revisions"}],"wp:featuredmedia":[{"embeddable":true,"href":"https:\/\/archive.sana.sy\/tr\/index.php?rest_route=\/wp\/v2\/media\/176201"}],"wp:attachment":[{"href":"https:\/\/archive.sana.sy\/tr\/index.php?rest_route=%2Fwp%2Fv2%2Fmedia&parent=176200"}],"wp:term":[{"taxonomy":"category","embeddable":true,"href":"https:\/\/archive.sana.sy\/tr\/index.php?rest_route=%2Fwp%2Fv2%2Fcategories&post=176200"},{"taxonomy":"post_tag","embeddable":true,"href":"https:\/\/archive.sana.sy\/tr\/index.php?rest_route=%2Fwp%2Fv2%2Ftags&post=176200"}],"curies":[{"name":"wp","href":"https:\/\/api.w.org\/{rel}","templated":true}]}}