{"id":176203,"date":"2019-03-01T22:49:02","date_gmt":"2019-03-01T20:49:02","guid":{"rendered":"http:\/\/www.sana.sy\/tr\/?p=176203"},"modified":"2019-03-02T16:22:22","modified_gmt":"2019-03-02T14:22:22","slug":"golanli-halkimiz-arazilerimizin-mulkiyetinin-degistirilmesini-reddediyoruz-suriye-emlak-kayitlarindan-baskasini-kabul-etmeyiz","status":"publish","type":"post","link":"https:\/\/archive.sana.sy\/tr\/?p=176203","title":{"rendered":"Golan&#8217;da M\u00fclkiyet De\u011fi\u015ftirme Dayatmalar\u0131n\u0131 Reddediyorlar"},"content":{"rendered":"<p>KUNAYTRA \u2013 \u0130srail i\u015fgali alt\u0131ndaki Golan&#8217;da ya\u015fayan yurtta\u015flar\u0131m\u0131z; \u0130srail otoritelerinin Mecdel \u015eems, Bekata, Ayn K\u0131niyye, Mesaada ve Gacar beldelerinde arazileri gasp etme, m\u00fclkiyetini ve tapular\u0131n\u0131\u00a0 de\u011fi\u015ftirme icraatlar\u0131n\u0131 reddetiklerini belirtti.<\/p>\n<p>Golanl\u0131 yurtta\u015flar\u0131m\u0131z anavatanlar\u0131 Suriye&#8217;ye ve kimliklerine olan ba\u011fl\u0131l\u0131klar\u0131n\u0131 yinelediler. Kimlikleri ve anavatanlar\u0131na ba\u011fl\u0131l\u0131klar\u0131ndan caymalar\u0131n\u0131n m\u00fcmk\u00fcn olmad\u0131\u011f\u0131n\u0131 ifade eden yurtta\u015flar\u0131m\u0131z; Suriyeli kimliklerini korumada hi\u00e7 bir m\u00fccadeleden geri kalmayacaklar\u0131n\u0131 vurgulad\u0131lar.<\/p>\n","protected":false},"excerpt":{"rendered":"<p>KUNAYTRA \u2013 \u0130srail i\u015fgali alt\u0131ndaki Golan&#8217;da ya\u015fayan yurtta\u015flar\u0131m\u0131z; \u0130srail otoritelerinin Mecdel \u015eems, Bekata, Ayn K\u0131niyye, Mesaada ve Gacar beldelerinde arazileri gasp etme, m\u00fclkiyetini ve tapular\u0131n\u0131\u00a0 de\u011fi\u015ftirme icraatlar\u0131n\u0131 reddetiklerini belirtti. Golanl\u0131 yurtta\u015flar\u0131m\u0131z anavatanlar\u0131 Suriye&#8217;ye ve kimliklerine olan ba\u011fl\u0131l\u0131klar\u0131n\u0131 yinelediler. Kimlikleri ve anavatanlar\u0131na ba\u011fl\u0131l\u0131klar\u0131ndan caymalar\u0131n\u0131n m\u00fcmk\u00fcn olmad\u0131\u011f\u0131n\u0131 ifade eden yurtta\u015flar\u0131m\u0131z; Suriyeli kimliklerini korumada hi\u00e7 bir m\u00fccadeleden geri &hellip;<\/p>\n","protected":false},"author":1,"featured_media":176204,"comment_status":"closed","ping_status":"closed","sticky":false,"template":"","format":"standard","meta":{"footnotes":""},"categories":[479,17988,478],"tags":[],"class_list":["post-176203","post","type-post","status-publish","format-standard","has-post-thumbnail","","category-haberler-yerel","category-son-haberler","category-yerel"],"_links":{"self":[{"href":"https:\/\/archive.sana.sy\/tr\/index.php?rest_route=\/wp\/v2\/posts\/176203","targetHints":{"allow":["GET"]}}],"collection":[{"href":"https:\/\/archive.sana.sy\/tr\/index.php?rest_route=\/wp\/v2\/posts"}],"about":[{"href":"https:\/\/archive.sana.sy\/tr\/index.php?rest_route=\/wp\/v2\/types\/post"}],"author":[{"embeddable":true,"href":"https:\/\/archive.sana.sy\/tr\/index.php?rest_route=\/wp\/v2\/users\/1"}],"replies":[{"embeddable":true,"href":"https:\/\/archive.sana.sy\/tr\/index.php?rest_route=%2Fwp%2Fv2%2Fcomments&post=176203"}],"version-history":[{"count":0,"href":"https:\/\/archive.sana.sy\/tr\/index.php?rest_route=\/wp\/v2\/posts\/176203\/revisions"}],"wp:featuredmedia":[{"embeddable":true,"href":"https:\/\/archive.sana.sy\/tr\/index.php?rest_route=\/wp\/v2\/media\/176204"}],"wp:attachment":[{"href":"https:\/\/archive.sana.sy\/tr\/index.php?rest_route=%2Fwp%2Fv2%2Fmedia&parent=176203"}],"wp:term":[{"taxonomy":"category","embeddable":true,"href":"https:\/\/archive.sana.sy\/tr\/index.php?rest_route=%2Fwp%2Fv2%2Fcategories&post=176203"},{"taxonomy":"post_tag","embeddable":true,"href":"https:\/\/archive.sana.sy\/tr\/index.php?rest_route=%2Fwp%2Fv2%2Ftags&post=176203"}],"curies":[{"name":"wp","href":"https:\/\/api.w.org\/{rel}","templated":true}]}}