{"id":176206,"date":"2019-03-01T20:03:15","date_gmt":"2019-03-01T18:03:15","guid":{"rendered":"http:\/\/www.sana.sy\/tr\/?p=176206"},"modified":"2019-03-02T12:53:48","modified_gmt":"2019-03-02T10:53:48","slug":"her-iki-ulke-muhacirlerinin-geri-donusu-icin-suriye-irak-gorusmeleri","status":"publish","type":"post","link":"https:\/\/archive.sana.sy\/tr\/?p=176206","title":{"rendered":"Her \u0130ki \u00dclke Muhacirlerinin Geri D\u00f6n\u00fc\u015f\u00fc \u0130\u00e7in Suriye Irak G\u00f6r\u00fc\u015fmeleri"},"content":{"rendered":"<p style=\"text-align: justify;\">BA\u011eDAT \u2013 Irak G\u00f6\u00e7 Ve Muhacirler Bakan\u0131 Nevfel Baha Musa Suriye&#8217;nin Irak B\u00fcy\u00fckel\u00e7isi Sattam Cedan Dendah ile her iki \u00fclkedeki muhacirlerin durumlar\u0131yla geri d\u00f6n\u00fc\u015flerinin temini konular\u0131n\u0131 g\u00f6r\u00fc\u015ft\u00fc.<\/p>\n<p style=\"text-align: justify;\">Irak G\u00f6\u00e7 Ve Muhacirler Bakanl\u0131\u011f\u0131 taraf\u0131ndan yay\u0131nlanan beyanda, her iki taraf\u0131n g\u00f6r\u00fc\u015fmede Irak&#8217;ta bulunan tehcir edilmi\u015f Suriyelilerin durumlar\u0131yla kendilerine gereken yard\u0131mlar\u0131n temini ve Suriye&#8217;de kurtar\u0131lm\u0131\u015f b\u00f6lgelerine geri d\u00f6n\u00fc\u015fleri konular\u0131n\u0131n ele al\u0131nmas\u0131 yan\u0131 s\u0131ra, Suriye&#8217;de bulunan tehcir edilmi\u015f Irakl\u0131lar\u0131n durumlar\u0131 ve Irak&#8217;a d\u00f6n\u00fc\u015flerini temin etmek gayesiyle ortak koordinasyonun nas\u0131l olaca\u011f\u0131 konusunu g\u00f6r\u00fc\u015ft\u00fckleri belirtildi.<\/p>\n<p style=\"text-align: justify;\">Dendah SANA muhabirine a\u00e7\u0131klamas\u0131nda, Suriye ve Irak aras\u0131nda her iki \u00fclkede bulunan tehcir edilmi\u015f vatanda\u015flar\u0131n \u00fclkelerine geri d\u00f6n\u00fc\u015flerini sa\u011flamak i\u00e7in gerekli \u015fartlar\u0131n haz\u0131rlanmas\u0131 konusunda ortak koordinasyonun \u00f6nemini belirtti.<\/p>\n<p>\u00c7eviri: S. \u015eahut<\/p>\n","protected":false},"excerpt":{"rendered":"<p>BA\u011eDAT \u2013 Irak G\u00f6\u00e7 Ve Muhacirler Bakan\u0131 Nevfel Baha Musa Suriye&#8217;nin Irak B\u00fcy\u00fckel\u00e7isi Sattam Cedan Dendah ile her iki \u00fclkedeki muhacirlerin durumlar\u0131yla geri d\u00f6n\u00fc\u015flerinin temini konular\u0131n\u0131 g\u00f6r\u00fc\u015ft\u00fc. Irak G\u00f6\u00e7 Ve Muhacirler Bakanl\u0131\u011f\u0131 taraf\u0131ndan yay\u0131nlanan beyanda, her iki taraf\u0131n g\u00f6r\u00fc\u015fmede Irak&#8217;ta bulunan tehcir edilmi\u015f Suriyelilerin durumlar\u0131yla kendilerine gereken yard\u0131mlar\u0131n temini ve Suriye&#8217;de kurtar\u0131lm\u0131\u015f b\u00f6lgelerine geri d\u00f6n\u00fc\u015fleri &hellip;<\/p>\n","protected":false},"author":1,"featured_media":176207,"comment_status":"closed","ping_status":"closed","sticky":false,"template":"","format":"standard","meta":{"footnotes":""},"categories":[458,459,17988],"tags":[],"class_list":["post-176206","post","type-post","status-publish","format-standard","has-post-thumbnail","","category-dunya1","category-haberler-arap-uluslararasi-politika","category-son-haberler"],"_links":{"self":[{"href":"https:\/\/archive.sana.sy\/tr\/index.php?rest_route=\/wp\/v2\/posts\/176206","targetHints":{"allow":["GET"]}}],"collection":[{"href":"https:\/\/archive.sana.sy\/tr\/index.php?rest_route=\/wp\/v2\/posts"}],"about":[{"href":"https:\/\/archive.sana.sy\/tr\/index.php?rest_route=\/wp\/v2\/types\/post"}],"author":[{"embeddable":true,"href":"https:\/\/archive.sana.sy\/tr\/index.php?rest_route=\/wp\/v2\/users\/1"}],"replies":[{"embeddable":true,"href":"https:\/\/archive.sana.sy\/tr\/index.php?rest_route=%2Fwp%2Fv2%2Fcomments&post=176206"}],"version-history":[{"count":0,"href":"https:\/\/archive.sana.sy\/tr\/index.php?rest_route=\/wp\/v2\/posts\/176206\/revisions"}],"wp:featuredmedia":[{"embeddable":true,"href":"https:\/\/archive.sana.sy\/tr\/index.php?rest_route=\/wp\/v2\/media\/176207"}],"wp:attachment":[{"href":"https:\/\/archive.sana.sy\/tr\/index.php?rest_route=%2Fwp%2Fv2%2Fmedia&parent=176206"}],"wp:term":[{"taxonomy":"category","embeddable":true,"href":"https:\/\/archive.sana.sy\/tr\/index.php?rest_route=%2Fwp%2Fv2%2Fcategories&post=176206"},{"taxonomy":"post_tag","embeddable":true,"href":"https:\/\/archive.sana.sy\/tr\/index.php?rest_route=%2Fwp%2Fv2%2Ftags&post=176206"}],"curies":[{"name":"wp","href":"https:\/\/api.w.org\/{rel}","templated":true}]}}