{"id":176209,"date":"2019-03-01T23:53:11","date_gmt":"2019-03-01T21:53:11","guid":{"rendered":"http:\/\/www.sana.sy\/tr\/?p=176209"},"modified":"2019-03-02T16:22:07","modified_gmt":"2019-03-02T14:22:07","slug":"washington-teroru-istismar-etmeye-devam-ediyor-idlibde-siyasi-cabalar-sonuc-vermezse-askeri-secenek-muhakkaktir","status":"publish","type":"post","link":"https:\/\/archive.sana.sy\/tr\/?p=176209","title":{"rendered":"Washington Ter\u00f6r\u00fc \u0130stismar Etmeye Devam Ediyor. \u0130dlib&#8217;de Siyasi \u00c7abalar Sonu\u00e7 Vermezse Askeri Se\u00e7enek Muhakkakt\u0131r"},"content":{"rendered":"<p style=\"text-align: justify;\">NEW YORK \u2013 Suriye&#8217;nin Birle\u015fmi\u015f Milletler Daimi Temsilcisi Be\u015f\u015far Caferi, ba\u015fta Amerika Birle\u015fik Devletleri olmak \u00fczere bat\u0131l\u0131 \u00fclkelerin ter\u00f6rizmi istismar etmeye devam etmeleri yolula Suriye&#8217;deki krizin s\u00fcresini uzatmaya \u00e7al\u0131\u015ft\u0131klar\u0131n\u0131 belirterek, So\u00e7i ittifak\u0131n\u0131n uygulanmas\u0131 i\u00e7in siyasi \u00e7abalar sonu\u00e7 vermezse \u0130dlib&#8217;deki askeri se\u00e7ene\u011fin muhakkak oldu\u011funu s\u00f6yledi.<\/p>\n<p style=\"text-align: justify;\">El Mayadin kanal\u0131n\u0131n kendisiyle bu gece d\u00fczenledi\u011fi r\u00f6portajda\u00a0 Caferi, Amerika ba\u015fkan\u0131 Donald Trump&#8217;\u0131n bir \u00e7ok kez Suriye topraklar\u0131n\u0131n bir b\u00f6l\u00fcm\u00fcn\u00fc i\u015fgal eden kuvvetlerini \u00e7ekece\u011fini ilan etti\u011fini lakin bu \u00e7ekilmenin \u015fu ana kadar sa\u011flanamad\u0131\u011f\u0131n\u0131 \u00e7\u00fcnk\u00fc y\u00f6netiminin, T\u00fcrkiye rejimi ve Suriye Cezire b\u00f6lgesindeki milislerle ortak olarak b\u00f6lgedeki ajandas\u0131n\u0131 uygulamak hedefiyle Suriye ve Irak&#8217;taki ter\u00f6r\u00fc istismar etme s\u00fcresini uzatmak istedi\u011fini belirtti.<\/p>\n<p style=\"text-align: justify;\">Caferi, Washington taraf\u0131ndan ter\u00f6rle m\u00fccadele bahanesiyle G\u00fcvenlik Konseyi d\u0131\u015f\u0131ndan yarat\u0131lan s\u00f6zde &#8220;uluslararas\u0131 koalisyonun&#8221;,I\u015e\u0130D \u00a0\u00f6rg\u00fct\u00fcn\u00fc desteklemeye devam etti\u011fini \u00f6yle ki \u00f6rg\u00fct liderlerini ve ter\u00f6ristlerini onlarca kez ta\u015f\u0131d\u0131\u011f\u0131n\u0131 en son fas\u0131lar\u0131ndan birisinin de I\u015e\u0130D ter\u00f6ristleriyle yapt\u0131\u011f\u0131 anla\u015fma gere\u011fince Washington&#8217;un Deyrezzor Do\u011fu k\u0131rsal\u0131nda yay\u0131ld\u0131klar\u0131 mevkilerinden ter\u00f6ristlerle liderlerinin \u00e7\u0131kmalar\u0131 mukabilinde onlarca ton alt\u0131n ald\u0131\u011f\u0131n\u0131 ve bu k\u00fcl\u00e7e alt\u0131nlar\u0131 gece karanl\u0131\u011f\u0131nda Amerikan i\u015fgal helikopterlerinin ta\u015f\u0131d\u0131\u011f\u0131na dikkat \u00e7ekti.<\/p>\n<p style=\"text-align: justify;\">Ter\u00f6rizmin sponsorlar\u0131 ve finans\u00f6rlerinin elinde bir ara\u00e7 oldu\u011funu, zaman zaman bu veya \u015fu noktada kullan\u0131lmak \u00fczere geri d\u00f6n\u00fc\u015ft\u00fcr\u00fcld\u00fc\u011f\u00fcn\u00fc, bunun en son kan\u0131t\u0131n\u0131n Cezayir yetkililerinin Nijer ile s\u0131n\u0131r\u0131ndaki y\u00fczlerce ter\u00f6ristin tutukland\u0131\u011f\u0131n\u0131n a\u00e7\u0131klanmas\u0131 oldu\u011funu s\u00f6yleyen Caferi, onlarla yapt\u0131klar\u0131 soru\u015fturmalarda, Halep&#8217;in k\u0131rsal\u0131ndan geldiklerinin g\u00f6r\u00fcld\u00fc\u011f\u00fcn\u00fc belirterek, bu ter\u00f6ristleri Suriye&#8217;den Nijer &#8211; Cezayir s\u0131n\u0131r\u0131na kimin ta\u015f\u0131d\u0131\u011f\u0131n\u0131 merak etti\u011fini vurgulad\u0131.<\/p>\n<p style=\"text-align: justify;\">Krizin ba\u015flamas\u0131ndan bu yana, T\u00fcrkiye rejimi ter\u00f6ristlerin topraklar\u0131ndan Suriye&#8217;ye ge\u00e7i\u015fini kolayla\u015ft\u0131rd\u0131\u011f\u0131n\u0131, Birle\u015fmi\u015f Milletler&#8217;e \u00fcye 100 Devletten fazla gelen ter\u00f6ri \u00f6rg\u00fctleri ve d\u00fcnya ter\u00f6r\u00fcn\u00fcn t\u00fcm \u015fekillerine kol kanat gerdi\u011fine i\u015faret eden Caferi, So\u00e7 anla\u015fmas\u0131 gere\u011fince \u0130dlib&#8217;deki t\u0131rmand\u0131rmalar\u0131 azaltma b\u00f6lgesinden do\u011fan y\u00fck\u00fcml\u00fcl\u00fcklerini \u015fu ana kadar yerine getirmedi\u011fini belirterek, ittifak\u0131n uygulanmas\u0131 i\u00e7in diplomatik ve siyasi \u00e7abalar\u0131n ba\u015far\u0131s\u0131z olmas\u0131 halinde askeri se\u00e7ene\u011fin ka\u00e7\u0131n\u0131lmaz olaca\u011f\u0131na dikkat \u00e7ekti.<\/p>\n<p style=\"text-align: justify;\">Rukban kamp\u0131ndaki durumlarla ilgiliyse Caferi, Amerikan i\u015fgal kuvvetleriyle ona ba\u011fl\u0131 ter\u00f6rist gruplar\u0131n rehin tuttu\u011fu tehcir edilen sivillerin kamptan \u00e7\u0131k\u0131\u015flar\u0131 i\u00e7in ge\u00e7en ay\u0131n 16&#8217;s\u0131nda Suriye-Rusya Ortak Koordinasyon heyetleri kanal\u0131yla Tenef b\u00f6lgesi \u00e7evresinde iki insani kordiorun a\u00e7\u0131ld\u0131\u011f\u0131n\u0131 a\u00e7\u0131klad\u0131.<\/p>\n<p style=\"text-align: justify;\">Caferi, BM&#8217;nin Suriye&#8217;ye \u00f6zel temsilcilerinin yapt\u0131\u011f\u0131 herhangi bir objektif \u00e7al\u0131\u015fma ve \u00e7abaya kar\u015f\u0131 rahat olmad\u0131klar\u0131n\u0131 bu y\u00fczden G\u00fcvenlik Konseyinde bu bat\u0131l\u0131 \u00fclkelerin temsilcileri kendi aleyhlerine a\u00e7\u0131klamalar yapt\u0131klar\u0131nda \u00f6n ko\u015fullar\u0131yla ve hay\u0131rlar\u0131yla bask\u0131 kurmaya \u00e7al\u0131\u015ft\u0131klar\u0131na dikkat \u00e7ekerek, Suriye&#8217;nin hali haz\u0131rdaki \u00f6zel temsilci Geir Pederson&#8217;un g\u00f6revini ba\u015far\u0131ya ula\u015ft\u0131rmas\u0131 i\u00e7in i\u015fbirli\u011fine haz\u0131r oldu\u011funu belirtti\u011fini s\u00f6yledi.<\/p>\n<p style=\"text-align: justify;\">Suriye&#8217;nin eskiden oldu\u011fu gibi \u015fimdi de Filistin davas\u0131n\u0131 merkezi dava olarak kabul edece\u011fini b\u00f6lgede cereyan edenlerin hepsinin hedefinin bu davay\u0131 tasfiye etmek oldu\u011funu belirterek, Var\u015fova Konferans\u0131n\u0131n bu \u00e7er\u00e7evede geldi\u011fini buna ek olarak d\u00fc\u015fman \u0130srail varl\u0131\u011f\u0131 ile Arap rejimleri aras\u0131nda normalle\u015ftirmenin de bulundu\u011funa dikkat \u00e7ekti.<\/p>\n<p>\u00c7eviri: S. \u015eahut<\/p>\n","protected":false},"excerpt":{"rendered":"<p>NEW YORK \u2013 Suriye&#8217;nin Birle\u015fmi\u015f Milletler Daimi Temsilcisi Be\u015f\u015far Caferi, ba\u015fta Amerika Birle\u015fik Devletleri olmak \u00fczere bat\u0131l\u0131 \u00fclkelerin ter\u00f6rizmi istismar etmeye devam etmeleri yolula Suriye&#8217;deki krizin s\u00fcresini uzatmaya \u00e7al\u0131\u015ft\u0131klar\u0131n\u0131 belirterek, So\u00e7i ittifak\u0131n\u0131n uygulanmas\u0131 i\u00e7in siyasi \u00e7abalar sonu\u00e7 vermezse \u0130dlib&#8217;deki askeri se\u00e7ene\u011fin muhakkak oldu\u011funu s\u00f6yledi. El Mayadin kanal\u0131n\u0131n kendisiyle bu gece d\u00fczenledi\u011fi r\u00f6portajda\u00a0 Caferi, Amerika ba\u015fkan\u0131 &hellip;<\/p>\n","protected":false},"author":1,"featured_media":176210,"comment_status":"closed","ping_status":"closed","sticky":false,"template":"","format":"standard","meta":{"footnotes":""},"categories":[458,459,17988],"tags":[],"class_list":["post-176209","post","type-post","status-publish","format-standard","has-post-thumbnail","","category-dunya1","category-haberler-arap-uluslararasi-politika","category-son-haberler"],"_links":{"self":[{"href":"https:\/\/archive.sana.sy\/tr\/index.php?rest_route=\/wp\/v2\/posts\/176209","targetHints":{"allow":["GET"]}}],"collection":[{"href":"https:\/\/archive.sana.sy\/tr\/index.php?rest_route=\/wp\/v2\/posts"}],"about":[{"href":"https:\/\/archive.sana.sy\/tr\/index.php?rest_route=\/wp\/v2\/types\/post"}],"author":[{"embeddable":true,"href":"https:\/\/archive.sana.sy\/tr\/index.php?rest_route=\/wp\/v2\/users\/1"}],"replies":[{"embeddable":true,"href":"https:\/\/archive.sana.sy\/tr\/index.php?rest_route=%2Fwp%2Fv2%2Fcomments&post=176209"}],"version-history":[{"count":0,"href":"https:\/\/archive.sana.sy\/tr\/index.php?rest_route=\/wp\/v2\/posts\/176209\/revisions"}],"wp:featuredmedia":[{"embeddable":true,"href":"https:\/\/archive.sana.sy\/tr\/index.php?rest_route=\/wp\/v2\/media\/176210"}],"wp:attachment":[{"href":"https:\/\/archive.sana.sy\/tr\/index.php?rest_route=%2Fwp%2Fv2%2Fmedia&parent=176209"}],"wp:term":[{"taxonomy":"category","embeddable":true,"href":"https:\/\/archive.sana.sy\/tr\/index.php?rest_route=%2Fwp%2Fv2%2Fcategories&post=176209"},{"taxonomy":"post_tag","embeddable":true,"href":"https:\/\/archive.sana.sy\/tr\/index.php?rest_route=%2Fwp%2Fv2%2Ftags&post=176209"}],"curies":[{"name":"wp","href":"https:\/\/api.w.org\/{rel}","templated":true}]}}