{"id":176212,"date":"2019-03-02T11:57:21","date_gmt":"2019-03-02T09:57:21","guid":{"rendered":"http:\/\/www.sana.sy\/tr\/?p=176212"},"modified":"2019-03-02T11:57:21","modified_gmt":"2019-03-02T09:57:21","slug":"sana-muhabiri-ordu-birliklerimizin-hama-kirsalinin-kuzeyi-kfarzeyta-ve-morik-beldeleri-arasindaki-tarim-arazilerinde-nusra-cephesine-ait-havan-toplari-ve-fuze-rampalarinda-iclerinde-bulunan-cephane-ve","status":"publish","type":"post","link":"https:\/\/archive.sana.sy\/tr\/?p=176212","title":{"rendered":"SANA muhabiri ordu birliklerimizin Hama k\u0131rsal\u0131n\u0131n kuzeyi Kfarzeyta ve Morik beldeleri aras\u0131ndaki tar\u0131m arazilerinde Nusra Cephesine ait havan toplar\u0131 ve f\u00fcze rampalar\u0131nda i\u00e7lerinde bulunan cephane ve ter\u00f6ristlerle birlikte imha ettiklerini belirtti."},"content":{"rendered":"<p>SANA muhabiri ordu birliklerimizin Hama k\u0131rsal\u0131n\u0131n kuzeyi Kfarzeyta ve Morik beldeleri aras\u0131ndaki tar\u0131m arazilerinde Nusra Cephesine ait havan toplar\u0131 ve f\u00fcze rampalar\u0131nda i\u00e7lerinde bulunan cephane ve ter\u00f6ristlerle birlikte imha ettiklerini belirtti.<\/p>\n","protected":false},"excerpt":{"rendered":"<p>SANA muhabiri ordu birliklerimizin Hama k\u0131rsal\u0131n\u0131n kuzeyi Kfarzeyta ve Morik beldeleri aras\u0131ndaki tar\u0131m arazilerinde Nusra Cephesine ait havan toplar\u0131 ve f\u00fcze rampalar\u0131nda i\u00e7lerinde bulunan cephane ve ter\u00f6ristlerle birlikte imha ettiklerini belirtti.<\/p>\n","protected":false},"author":1,"featured_media":0,"comment_status":"closed","ping_status":"closed","sticky":false,"template":"","format":"standard","meta":{"footnotes":""},"categories":[17991],"tags":[],"class_list":["post-176212","post","type-post","status-publish","format-standard","","category-son-dakika"],"_links":{"self":[{"href":"https:\/\/archive.sana.sy\/tr\/index.php?rest_route=\/wp\/v2\/posts\/176212","targetHints":{"allow":["GET"]}}],"collection":[{"href":"https:\/\/archive.sana.sy\/tr\/index.php?rest_route=\/wp\/v2\/posts"}],"about":[{"href":"https:\/\/archive.sana.sy\/tr\/index.php?rest_route=\/wp\/v2\/types\/post"}],"author":[{"embeddable":true,"href":"https:\/\/archive.sana.sy\/tr\/index.php?rest_route=\/wp\/v2\/users\/1"}],"replies":[{"embeddable":true,"href":"https:\/\/archive.sana.sy\/tr\/index.php?rest_route=%2Fwp%2Fv2%2Fcomments&post=176212"}],"version-history":[{"count":0,"href":"https:\/\/archive.sana.sy\/tr\/index.php?rest_route=\/wp\/v2\/posts\/176212\/revisions"}],"wp:attachment":[{"href":"https:\/\/archive.sana.sy\/tr\/index.php?rest_route=%2Fwp%2Fv2%2Fmedia&parent=176212"}],"wp:term":[{"taxonomy":"category","embeddable":true,"href":"https:\/\/archive.sana.sy\/tr\/index.php?rest_route=%2Fwp%2Fv2%2Fcategories&post=176212"},{"taxonomy":"post_tag","embeddable":true,"href":"https:\/\/archive.sana.sy\/tr\/index.php?rest_route=%2Fwp%2Fv2%2Ftags&post=176212"}],"curies":[{"name":"wp","href":"https:\/\/api.w.org\/{rel}","templated":true}]}}