{"id":176216,"date":"2019-03-02T12:05:42","date_gmt":"2019-03-02T10:05:42","guid":{"rendered":"http:\/\/www.sana.sy\/tr\/?p=176216"},"modified":"2019-03-03T12:57:05","modified_gmt":"2019-03-03T10:57:05","slug":"saldirilarda-kullandiklari-fuze-ve-havan-topu-rampalari-imha-ediliyor","status":"publish","type":"post","link":"https:\/\/archive.sana.sy\/tr\/?p=176216","title":{"rendered":"Sald\u0131r\u0131larda Kulland\u0131klar\u0131 F\u00fcze ve Havan Topu Rampalar\u0131 \u0130mha Ediliyor"},"content":{"rendered":"<p>HAMA \u2013 Hama ve \u0130dlib k\u0131rsallar\u0131nda vatan ve vatanda\u015flar\u0131n g\u00fcvenli\u011fini koruyan ordu birliklerimiz, gerginli\u011fi azaltma anla\u015fmas\u0131na ihlallerini ve sivil yerle\u015fim alanlar\u0131n\u0131n yan\u0131 s\u0131ra askeri noktalara gaddar sald\u0131r\u0131lar\u0131n\u0131 s\u00fcrd\u00fcren ter\u00f6ristlere kar\u015f\u0131 koymaya devam ediyor.<\/p>\n<p>SANA muhabiri ordu birliklerimizin Hama k\u0131rsal\u0131n\u0131n kuzeyi Kfarzeyta ve Morik beldeleri aras\u0131ndaki tar\u0131m arazilerinde Nusra Cephesine ait havan toplar\u0131 ve f\u00fcze rampalar\u0131nda i\u00e7lerinde bulunan cephane ve ter\u00f6ristlerle birlikte imha ettiklerini belirtti.<\/p>\n<p>Muhabir ordu birliklerimizin ayn\u0131 zamanda Hama k\u0131rsal\u0131n\u0131n kuzeyi Hveyz Beldesinin yan\u0131 s\u0131ra \u011eab Vadisinin do\u011fu \u015feridi boyunca Nusra Cephesinin mevki, karargah, f\u00fcze rampalar\u0131 ve hareketlenmelerini top ate\u015fine tuttuklar\u0131n\u0131 s\u00f6yledi.<\/p>\n<p>Ordu birliklerimizin Hama k\u0131rsal\u0131n\u0131n kuzeyi Tayyibat el \u0130mam Beldesinde askeri noktalara ate\u015f eden \u201c\u0130zze Taburlar\u0131\u201d adl\u0131 ter\u00f6ristlerden bir grupla s\u0131cak temasa girdiklerini ifade eden muhabir; \u00e7at\u0131\u015fmalarda sald\u0131rgan ter\u00f6ristlerin t\u00fcm\u00fcn\u00fcn etkisiz hale getirildi\u011fini kaydetti.<\/p>\n","protected":false},"excerpt":{"rendered":"<p>HAMA \u2013 Hama ve \u0130dlib k\u0131rsallar\u0131nda vatan ve vatanda\u015flar\u0131n g\u00fcvenli\u011fini koruyan ordu birliklerimiz, gerginli\u011fi azaltma anla\u015fmas\u0131na ihlallerini ve sivil yerle\u015fim alanlar\u0131n\u0131n yan\u0131 s\u0131ra askeri noktalara gaddar sald\u0131r\u0131lar\u0131n\u0131 s\u00fcrd\u00fcren ter\u00f6ristlere kar\u015f\u0131 koymaya devam ediyor. SANA muhabiri ordu birliklerimizin Hama k\u0131rsal\u0131n\u0131n kuzeyi Kfarzeyta ve Morik beldeleri aras\u0131ndaki tar\u0131m arazilerinde Nusra Cephesine ait havan toplar\u0131 ve f\u00fcze rampalar\u0131nda &hellip;<\/p>\n","protected":false},"author":1,"featured_media":176217,"comment_status":"closed","ping_status":"closed","sticky":false,"template":"","format":"standard","meta":{"footnotes":""},"categories":[479,575,17988,478],"tags":[],"class_list":["post-176216","post","type-post","status-publish","format-standard","has-post-thumbnail","","category-haberler-yerel","category-olaylar-ve-gercekler","category-son-haberler","category-yerel"],"_links":{"self":[{"href":"https:\/\/archive.sana.sy\/tr\/index.php?rest_route=\/wp\/v2\/posts\/176216","targetHints":{"allow":["GET"]}}],"collection":[{"href":"https:\/\/archive.sana.sy\/tr\/index.php?rest_route=\/wp\/v2\/posts"}],"about":[{"href":"https:\/\/archive.sana.sy\/tr\/index.php?rest_route=\/wp\/v2\/types\/post"}],"author":[{"embeddable":true,"href":"https:\/\/archive.sana.sy\/tr\/index.php?rest_route=\/wp\/v2\/users\/1"}],"replies":[{"embeddable":true,"href":"https:\/\/archive.sana.sy\/tr\/index.php?rest_route=%2Fwp%2Fv2%2Fcomments&post=176216"}],"version-history":[{"count":0,"href":"https:\/\/archive.sana.sy\/tr\/index.php?rest_route=\/wp\/v2\/posts\/176216\/revisions"}],"wp:featuredmedia":[{"embeddable":true,"href":"https:\/\/archive.sana.sy\/tr\/index.php?rest_route=\/wp\/v2\/media\/176217"}],"wp:attachment":[{"href":"https:\/\/archive.sana.sy\/tr\/index.php?rest_route=%2Fwp%2Fv2%2Fmedia&parent=176216"}],"wp:term":[{"taxonomy":"category","embeddable":true,"href":"https:\/\/archive.sana.sy\/tr\/index.php?rest_route=%2Fwp%2Fv2%2Fcategories&post=176216"},{"taxonomy":"post_tag","embeddable":true,"href":"https:\/\/archive.sana.sy\/tr\/index.php?rest_route=%2Fwp%2Fv2%2Ftags&post=176216"}],"curies":[{"name":"wp","href":"https:\/\/api.w.org\/{rel}","templated":true}]}}