{"id":176258,"date":"2019-03-02T16:09:36","date_gmt":"2019-03-02T14:09:36","guid":{"rendered":"http:\/\/www.sana.sy\/tr\/?p=176258"},"modified":"2019-03-03T12:34:46","modified_gmt":"2019-03-03T10:34:46","slug":"uluslararasi-koalisyon-ucaklari-beyaz-fosfor-ile-bombaladi","status":"publish","type":"post","link":"https:\/\/archive.sana.sy\/tr\/?p=176258","title":{"rendered":"Uluslararas\u0131 Koalisyon U\u00e7aklar\u0131 Beyaz Fosfor \u0130le Bombalad\u0131"},"content":{"rendered":"<p>DEYREZZOR \u2013 Yerel kaynaklar ABD liderli\u011findeki uluslararas\u0131 koalisyon g\u00fc\u00e7leri Deyrezzor k\u0131rsal\u0131 g\u00fcneydo\u011fusu Ba\u011fuz Mezralar\u0131n\u0131 beyaz fosfor bombalar\u0131yla bombalad\u0131klar\u0131n\u0131 aktard\u0131.<\/p>\n<p>2014 y\u0131l\u0131nda uluslararas\u0131 kanunlar ve kararlara ayk\u0131r\u0131 olarak ABD komutas\u0131nda te\u015fkil edilen uluslararas\u0131 koalisyon g\u00fc\u00e7leri \u201cI\u015e\u0130D\u2019e kar\u015f\u0131 sava\u015f\u201d bahanesi alt\u0131nda Suriye&#8217;de masum sivil vatanda\u015flar\u0131 ve altyap\u0131 hizmet kurumlar\u0131n\u0131 bombal\u0131yor. Koalisyon g\u00fc\u00e7leri beyaz fosfor bombalar\u0131na daha \u00f6nce de sivillere kar\u015f\u0131 kulland\u0131. S\u00f6z konusu bombard\u0131manlarda binlerce sivil insan \u015fehit ve yaral\u0131 d\u00fc\u015ferken; on binlerce insan da evlerinin yerle bir edilmesi nedeniyle tehcir edildiler.<\/p>\n","protected":false},"excerpt":{"rendered":"<p>DEYREZZOR \u2013 Yerel kaynaklar ABD liderli\u011findeki uluslararas\u0131 koalisyon g\u00fc\u00e7leri Deyrezzor k\u0131rsal\u0131 g\u00fcneydo\u011fusu Ba\u011fuz Mezralar\u0131n\u0131 beyaz fosfor bombalar\u0131yla bombalad\u0131klar\u0131n\u0131 aktard\u0131. 2014 y\u0131l\u0131nda uluslararas\u0131 kanunlar ve kararlara ayk\u0131r\u0131 olarak ABD komutas\u0131nda te\u015fkil edilen uluslararas\u0131 koalisyon g\u00fc\u00e7leri \u201cI\u015e\u0130D\u2019e kar\u015f\u0131 sava\u015f\u201d bahanesi alt\u0131nda Suriye&#8217;de masum sivil vatanda\u015flar\u0131 ve altyap\u0131 hizmet kurumlar\u0131n\u0131 bombal\u0131yor. Koalisyon g\u00fc\u00e7leri beyaz fosfor bombalar\u0131na daha \u00f6nce &hellip;<\/p>\n","protected":false},"author":1,"featured_media":176259,"comment_status":"closed","ping_status":"closed","sticky":false,"template":"","format":"standard","meta":{"footnotes":""},"categories":[479,575,17988,478],"tags":[],"class_list":["post-176258","post","type-post","status-publish","format-standard","has-post-thumbnail","","category-haberler-yerel","category-olaylar-ve-gercekler","category-son-haberler","category-yerel"],"_links":{"self":[{"href":"https:\/\/archive.sana.sy\/tr\/index.php?rest_route=\/wp\/v2\/posts\/176258","targetHints":{"allow":["GET"]}}],"collection":[{"href":"https:\/\/archive.sana.sy\/tr\/index.php?rest_route=\/wp\/v2\/posts"}],"about":[{"href":"https:\/\/archive.sana.sy\/tr\/index.php?rest_route=\/wp\/v2\/types\/post"}],"author":[{"embeddable":true,"href":"https:\/\/archive.sana.sy\/tr\/index.php?rest_route=\/wp\/v2\/users\/1"}],"replies":[{"embeddable":true,"href":"https:\/\/archive.sana.sy\/tr\/index.php?rest_route=%2Fwp%2Fv2%2Fcomments&post=176258"}],"version-history":[{"count":0,"href":"https:\/\/archive.sana.sy\/tr\/index.php?rest_route=\/wp\/v2\/posts\/176258\/revisions"}],"wp:featuredmedia":[{"embeddable":true,"href":"https:\/\/archive.sana.sy\/tr\/index.php?rest_route=\/wp\/v2\/media\/176259"}],"wp:attachment":[{"href":"https:\/\/archive.sana.sy\/tr\/index.php?rest_route=%2Fwp%2Fv2%2Fmedia&parent=176258"}],"wp:term":[{"taxonomy":"category","embeddable":true,"href":"https:\/\/archive.sana.sy\/tr\/index.php?rest_route=%2Fwp%2Fv2%2Fcategories&post=176258"},{"taxonomy":"post_tag","embeddable":true,"href":"https:\/\/archive.sana.sy\/tr\/index.php?rest_route=%2Fwp%2Fv2%2Ftags&post=176258"}],"curies":[{"name":"wp","href":"https:\/\/api.w.org\/{rel}","templated":true}]}}