{"id":176261,"date":"2019-03-02T12:05:06","date_gmt":"2019-03-02T10:05:06","guid":{"rendered":"http:\/\/www.sana.sy\/tr\/?p=176261"},"modified":"2019-03-03T12:34:53","modified_gmt":"2019-03-03T10:34:53","slug":"grospic-turkiye-hegemonya-cabalarina-son-vermelidir","status":"publish","type":"post","link":"https:\/\/archive.sana.sy\/tr\/?p=176261","title":{"rendered":"Grospi\u00e7: T\u00fcrkiye Hegemonya \u00c7abalar\u0131na Son Vermelidir"},"content":{"rendered":"<p>PRAG \u2013 \u00c7ek Parlamentosunda Suriye \u00c7ek Parlamenter Dostluk Grubunun Ba\u015fkan\u0131 Stanislav Grospi\u00e7; I\u015e\u0130D\u2019e kar\u015f\u0131 sava\u015ft\u0131\u011f\u0131n\u0131 iddia eden ABD komutas\u0131ndaki gayr\u0131 me\u015fru uluslararas\u0131 koalisyon g\u00fc\u00e7lerinin ger\u00e7ekte bir i\u015fgalci oldu\u011funu belirtti.<\/p>\n<p>SANA\u2019n\u0131n Prag muhabirine yapt\u0131\u011f\u0131 a\u00e7\u0131klamas\u0131nda uluslararas\u0131 koalisyon g\u00fc\u00e7lerin agresif operasyonlar\u0131n\u0131 ve ter\u00f6r eylemlerini durdurmal\u0131s\u0131n\u0131n alt\u0131n\u0131 \u00e7izen Grospi\u00e7; T\u00fcrkiye\u2019nin de b\u00f6lge ve halklar\u0131na kar\u015f\u0131 hegemonya sa\u011flama \u00e7abalar\u0131na son vermesi gerekti\u011fini vurgulad\u0131.<\/p>\n<p>Grospi\u00e7; Suriye ile dostluk ili\u015fkileri ve i\u015fbirli\u011finin art\u0131r\u0131lmas\u0131na haz\u0131r olduklar\u0131n\u0131 ifade ederken; Suriye&#8217;nin i\u00e7 i\u015flerine herhangi bir m\u00fcdahalenin kesinlikle kabul edilemez oldu\u011funu belirtti. \u00c7ekli Parlamenter Grospi\u00e7 Suriye ve halk\u0131n\u0131n geleceklerine karar verme hakk\u0131n\u0131n sadece Suriye halk\u0131 oldu\u011funu kaydetti.<\/p>\n","protected":false},"excerpt":{"rendered":"<p>PRAG \u2013 \u00c7ek Parlamentosunda Suriye \u00c7ek Parlamenter Dostluk Grubunun Ba\u015fkan\u0131 Stanislav Grospi\u00e7; I\u015e\u0130D\u2019e kar\u015f\u0131 sava\u015ft\u0131\u011f\u0131n\u0131 iddia eden ABD komutas\u0131ndaki gayr\u0131 me\u015fru uluslararas\u0131 koalisyon g\u00fc\u00e7lerinin ger\u00e7ekte bir i\u015fgalci oldu\u011funu belirtti. SANA\u2019n\u0131n Prag muhabirine yapt\u0131\u011f\u0131 a\u00e7\u0131klamas\u0131nda uluslararas\u0131 koalisyon g\u00fc\u00e7lerin agresif operasyonlar\u0131n\u0131 ve ter\u00f6r eylemlerini durdurmal\u0131s\u0131n\u0131n alt\u0131n\u0131 \u00e7izen Grospi\u00e7; T\u00fcrkiye\u2019nin de b\u00f6lge ve halklar\u0131na kar\u015f\u0131 hegemonya sa\u011flama \u00e7abalar\u0131na &hellip;<\/p>\n","protected":false},"author":1,"featured_media":176262,"comment_status":"closed","ping_status":"closed","sticky":false,"template":"","format":"standard","meta":{"footnotes":""},"categories":[458,459,17988],"tags":[],"class_list":["post-176261","post","type-post","status-publish","format-standard","has-post-thumbnail","","category-dunya1","category-haberler-arap-uluslararasi-politika","category-son-haberler"],"_links":{"self":[{"href":"https:\/\/archive.sana.sy\/tr\/index.php?rest_route=\/wp\/v2\/posts\/176261","targetHints":{"allow":["GET"]}}],"collection":[{"href":"https:\/\/archive.sana.sy\/tr\/index.php?rest_route=\/wp\/v2\/posts"}],"about":[{"href":"https:\/\/archive.sana.sy\/tr\/index.php?rest_route=\/wp\/v2\/types\/post"}],"author":[{"embeddable":true,"href":"https:\/\/archive.sana.sy\/tr\/index.php?rest_route=\/wp\/v2\/users\/1"}],"replies":[{"embeddable":true,"href":"https:\/\/archive.sana.sy\/tr\/index.php?rest_route=%2Fwp%2Fv2%2Fcomments&post=176261"}],"version-history":[{"count":0,"href":"https:\/\/archive.sana.sy\/tr\/index.php?rest_route=\/wp\/v2\/posts\/176261\/revisions"}],"wp:featuredmedia":[{"embeddable":true,"href":"https:\/\/archive.sana.sy\/tr\/index.php?rest_route=\/wp\/v2\/media\/176262"}],"wp:attachment":[{"href":"https:\/\/archive.sana.sy\/tr\/index.php?rest_route=%2Fwp%2Fv2%2Fmedia&parent=176261"}],"wp:term":[{"taxonomy":"category","embeddable":true,"href":"https:\/\/archive.sana.sy\/tr\/index.php?rest_route=%2Fwp%2Fv2%2Fcategories&post=176261"},{"taxonomy":"post_tag","embeddable":true,"href":"https:\/\/archive.sana.sy\/tr\/index.php?rest_route=%2Fwp%2Fv2%2Ftags&post=176261"}],"curies":[{"name":"wp","href":"https:\/\/api.w.org\/{rel}","templated":true}]}}