{"id":176389,"date":"2019-03-05T13:25:28","date_gmt":"2019-03-05T11:25:28","guid":{"rendered":"http:\/\/www.sana.sy\/tr\/?p=176389"},"modified":"2019-03-06T12:53:19","modified_gmt":"2019-03-06T10:53:19","slug":"saldirgan-teroristler-ekipmanlariyla-etkisiz-hale-getirildiler","status":"publish","type":"post","link":"https:\/\/archive.sana.sy\/tr\/?p=176389","title":{"rendered":"Sald\u0131rgan Ter\u00f6ristler Ekipmanlar\u0131yla Etkisiz Hale Getirildiler"},"content":{"rendered":"<p>HAMA \u2013 \u0130DL\u0130B \u2013 Hama ve \u0130dlib k\u0131rsallar\u0131nda gerginli\u011fi azaltma anla\u015fmas\u0131na ihlallerini s\u00fcrd\u00fcr\u00fcp civarda bulunan sivil yerle\u015fim alanlar\u0131 ve askeri mevkilere sald\u0131ran ter\u00f6ristler bug\u00fcn de ordu birliklerimiz taraf\u0131ndan kay\u0131plara u\u011frat\u0131ld\u0131lar.<\/p>\n<p>SANA muhabiri ordu birliklerimizin \u0130dlib k\u0131rsal\u0131n\u0131n g\u00fcneyi Han \u015eeyhun ve Tah beldelerinde Nusra Cephesinin civardaki b\u00f6lgelere gaddar sald\u0131r\u0131lar\u0131nda kulland\u0131klar\u0131 f\u00fcze rampalar\u0131 ve karargahlar\u0131n\u0131 yo\u011fun f\u00fcze ate\u015fine tutarak muhtevalar\u0131yla imha ettiklerini belirtti.<\/p>\n<p>SANA muhabiri ayr\u0131ca ordu birliklerimizin Hama k\u0131rsal\u0131n\u0131n kuzeyi Morik Beldesi kenarlar\u0131nda ter\u00f6ristlerin sald\u0131r\u0131s\u0131na kar\u015f\u0131 koyarak t\u00fcm\u00fcn\u00fc ekipmanlar\u0131yla birlikte \u00f6ld\u00fcrd\u00fcklerini belirtti.<\/p>\n","protected":false},"excerpt":{"rendered":"<p>HAMA \u2013 \u0130DL\u0130B \u2013 Hama ve \u0130dlib k\u0131rsallar\u0131nda gerginli\u011fi azaltma anla\u015fmas\u0131na ihlallerini s\u00fcrd\u00fcr\u00fcp civarda bulunan sivil yerle\u015fim alanlar\u0131 ve askeri mevkilere sald\u0131ran ter\u00f6ristler bug\u00fcn de ordu birliklerimiz taraf\u0131ndan kay\u0131plara u\u011frat\u0131ld\u0131lar. SANA muhabiri ordu birliklerimizin \u0130dlib k\u0131rsal\u0131n\u0131n g\u00fcneyi Han \u015eeyhun ve Tah beldelerinde Nusra Cephesinin civardaki b\u00f6lgelere gaddar sald\u0131r\u0131lar\u0131nda kulland\u0131klar\u0131 f\u00fcze rampalar\u0131 ve karargahlar\u0131n\u0131 yo\u011fun f\u00fcze &hellip;<\/p>\n","protected":false},"author":1,"featured_media":176391,"comment_status":"closed","ping_status":"closed","sticky":false,"template":"","format":"standard","meta":{"footnotes":""},"categories":[479,575,17988,478],"tags":[],"class_list":["post-176389","post","type-post","status-publish","format-standard","has-post-thumbnail","","category-haberler-yerel","category-olaylar-ve-gercekler","category-son-haberler","category-yerel"],"_links":{"self":[{"href":"https:\/\/archive.sana.sy\/tr\/index.php?rest_route=\/wp\/v2\/posts\/176389","targetHints":{"allow":["GET"]}}],"collection":[{"href":"https:\/\/archive.sana.sy\/tr\/index.php?rest_route=\/wp\/v2\/posts"}],"about":[{"href":"https:\/\/archive.sana.sy\/tr\/index.php?rest_route=\/wp\/v2\/types\/post"}],"author":[{"embeddable":true,"href":"https:\/\/archive.sana.sy\/tr\/index.php?rest_route=\/wp\/v2\/users\/1"}],"replies":[{"embeddable":true,"href":"https:\/\/archive.sana.sy\/tr\/index.php?rest_route=%2Fwp%2Fv2%2Fcomments&post=176389"}],"version-history":[{"count":0,"href":"https:\/\/archive.sana.sy\/tr\/index.php?rest_route=\/wp\/v2\/posts\/176389\/revisions"}],"wp:featuredmedia":[{"embeddable":true,"href":"https:\/\/archive.sana.sy\/tr\/index.php?rest_route=\/wp\/v2\/media\/176391"}],"wp:attachment":[{"href":"https:\/\/archive.sana.sy\/tr\/index.php?rest_route=%2Fwp%2Fv2%2Fmedia&parent=176389"}],"wp:term":[{"taxonomy":"category","embeddable":true,"href":"https:\/\/archive.sana.sy\/tr\/index.php?rest_route=%2Fwp%2Fv2%2Fcategories&post=176389"},{"taxonomy":"post_tag","embeddable":true,"href":"https:\/\/archive.sana.sy\/tr\/index.php?rest_route=%2Fwp%2Fv2%2Ftags&post=176389"}],"curies":[{"name":"wp","href":"https:\/\/api.w.org\/{rel}","templated":true}]}}