{"id":176503,"date":"2019-03-06T15:12:47","date_gmt":"2019-03-06T13:12:47","guid":{"rendered":"http:\/\/www.sana.sy\/tr\/?p=176503"},"modified":"2019-03-06T15:12:47","modified_gmt":"2019-03-06T13:12:47","slug":"urdundeki-multeci-kamplarindan-bir-grup-suriyeli-daha-yillar-sonra-derada-nasip-sinir-kapisindan-vatana-dondu","status":"publish","type":"post","link":"https:\/\/archive.sana.sy\/tr\/?p=176503","title":{"rendered":"\u00dcrd\u00fcn\u2019deki m\u00fclteci kamplar\u0131ndan bir grup Suriyeli daha y\u0131llar sonra Dera\u2019da Nasip S\u0131n\u0131r Kap\u0131s\u0131ndan vatana d\u00f6nd\u00fc"},"content":{"rendered":"<p>\u00dcrd\u00fcn\u2019deki m\u00fclteci kamplar\u0131ndan bir grup Suriyeli daha y\u0131llar sonra Dera\u2019da Nasip S\u0131n\u0131r Kap\u0131s\u0131ndan vatana d\u00f6nd\u00fc<\/p>\n","protected":false},"excerpt":{"rendered":"<p>\u00dcrd\u00fcn\u2019deki m\u00fclteci kamplar\u0131ndan bir grup Suriyeli daha y\u0131llar sonra Dera\u2019da Nasip S\u0131n\u0131r Kap\u0131s\u0131ndan vatana d\u00f6nd\u00fc<\/p>\n","protected":false},"author":1,"featured_media":0,"comment_status":"closed","ping_status":"closed","sticky":false,"template":"","format":"standard","meta":{"footnotes":""},"categories":[17991],"tags":[],"class_list":["post-176503","post","type-post","status-publish","format-standard","","category-son-dakika"],"_links":{"self":[{"href":"https:\/\/archive.sana.sy\/tr\/index.php?rest_route=\/wp\/v2\/posts\/176503","targetHints":{"allow":["GET"]}}],"collection":[{"href":"https:\/\/archive.sana.sy\/tr\/index.php?rest_route=\/wp\/v2\/posts"}],"about":[{"href":"https:\/\/archive.sana.sy\/tr\/index.php?rest_route=\/wp\/v2\/types\/post"}],"author":[{"embeddable":true,"href":"https:\/\/archive.sana.sy\/tr\/index.php?rest_route=\/wp\/v2\/users\/1"}],"replies":[{"embeddable":true,"href":"https:\/\/archive.sana.sy\/tr\/index.php?rest_route=%2Fwp%2Fv2%2Fcomments&post=176503"}],"version-history":[{"count":0,"href":"https:\/\/archive.sana.sy\/tr\/index.php?rest_route=\/wp\/v2\/posts\/176503\/revisions"}],"wp:attachment":[{"href":"https:\/\/archive.sana.sy\/tr\/index.php?rest_route=%2Fwp%2Fv2%2Fmedia&parent=176503"}],"wp:term":[{"taxonomy":"category","embeddable":true,"href":"https:\/\/archive.sana.sy\/tr\/index.php?rest_route=%2Fwp%2Fv2%2Fcategories&post=176503"},{"taxonomy":"post_tag","embeddable":true,"href":"https:\/\/archive.sana.sy\/tr\/index.php?rest_route=%2Fwp%2Fv2%2Ftags&post=176503"}],"curies":[{"name":"wp","href":"https:\/\/api.w.org\/{rel}","templated":true}]}}